{"id":1352,"date":"2024-02-19T17:55:00","date_gmt":"2024-02-19T16:55:00","guid":{"rendered":"https:\/\/wordpress2403459.home.pl\/autoinstalator\/2lo\/2024\/02\/campus-france-2024\/"},"modified":"2024-02-19T17:55:00","modified_gmt":"2024-02-19T16:55:00","slug":"campus-france-2024","status":"publish","type":"post","link":"https:\/\/plater.edu.pl\/liceum\/2024\/02\/campus-france-2024\/","title":{"rendered":"Campus France 2024"},"content":{"rendered":"\n14 lutego br. uczniowie klas I ucz\u0105cy si\u0119 j\u0119zyka francuskiego mieli okazj\u0119 wzi\u0105\u0107 udzia\u0142 w Dniach Campus France 2024. Spotkanie z pani\u0105 Eliz\u0105 \u0141uczy\u0144sk\u0105 z Instytutu Francuskiego w Warszawie, kierowniczk\u0105 Agencji Campus France w Polsce, po\u015bwi\u0119cone by\u0142o zaprezentowaniu bogatej oferty uniwersytet\u00f3w publicznych we Francji, om\u00f3wieniu mo\u017cliwo\u015bci podj\u0119cia studi\u00f3w we Francji oraz przedstawieniu specyfiki systemu rekrutacji na studia w tym kraju. Przedstawicielka Ambasady Francji wskaza\u0142a na korzy\u015bci wynikaj\u0105ce ze studiowania we Francji, poinformowa\u0142a uczni\u00f3w o systemie stypendialnym i zach\u0119ci\u0142a do wyjazd\u00f3w na kursy j\u0119zykowe.","protected":false},"excerpt":{"rendered":"<p>14 lutego br. uczniowie klas I ucz\u0105cy si\u0119 j\u0119zyka francuskiego mieli okazj\u0119 wzi\u0105\u0107 udzia\u0142 w Dniach Campus France 2024. Spotkanie z pani\u0105 Eliz\u0105 \u0141uczy\u0144sk\u0105 z Instytutu Francuskiego w Warszawie, kierowniczk\u0105 Agencji Campus France w Polsce, po\u015bwi\u0119cone by\u0142o zaprezentowaniu bogatej oferty uniwersytet\u00f3w publicznych we Francji, om\u00f3wieniu mo\u017cliwo\u015bci podj\u0119cia studi\u00f3w we Francji oraz przedstawieniu specyfiki systemu rekrutacji [&hellip;]<\/p>\n","protected":false},"author":1,"featured_media":813,"comment_status":"closed","ping_status":"closed","sticky":false,"template":"","format":"standard","meta":{"_acf_changed":false,"_stopmodifiedupdate":false,"_modified_date":"","footnotes":""},"categories":[80],"tags":[],"class_list":{"0":"post-1352","1":"post","2":"type-post","3":"status-publish","4":"format-standard","5":"has-post-thumbnail","7":"category-spotkania"},"acf":[],"_links":{"self":[{"href":"https:\/\/plater.edu.pl\/liceum\/wp-json\/wp\/v2\/posts\/1352","targetHints":{"allow":["GET"]}}],"collection":[{"href":"https:\/\/plater.edu.pl\/liceum\/wp-json\/wp\/v2\/posts"}],"about":[{"href":"https:\/\/plater.edu.pl\/liceum\/wp-json\/wp\/v2\/types\/post"}],"author":[{"embeddable":true,"href":"https:\/\/plater.edu.pl\/liceum\/wp-json\/wp\/v2\/users\/1"}],"replies":[{"embeddable":true,"href":"https:\/\/plater.edu.pl\/liceum\/wp-json\/wp\/v2\/comments?post=1352"}],"version-history":[{"count":0,"href":"https:\/\/plater.edu.pl\/liceum\/wp-json\/wp\/v2\/posts\/1352\/revisions"}],"wp:featuredmedia":[{"embeddable":true,"href":"https:\/\/plater.edu.pl\/liceum\/wp-json\/wp\/v2\/media\/813"}],"wp:attachment":[{"href":"https:\/\/plater.edu.pl\/liceum\/wp-json\/wp\/v2\/media?parent=1352"}],"wp:term":[{"taxonomy":"category","embeddable":true,"href":"https:\/\/plater.edu.pl\/liceum\/wp-json\/wp\/v2\/categories?post=1352"},{"taxonomy":"post_tag","embeddable":true,"href":"https:\/\/plater.edu.pl\/liceum\/wp-json\/wp\/v2\/tags?post=1352"}],"curies":[{"name":"wp","href":"https:\/\/api.w.org\/{rel}","templated":true}]}}