{"id":1370,"date":"2023-12-12T10:15:02","date_gmt":"2023-12-12T09:15:02","guid":{"rendered":"https:\/\/wordpress2403459.home.pl\/autoinstalator\/2lo\/2023\/12\/noc-filmowa-w-plater\/"},"modified":"2023-12-12T10:15:02","modified_gmt":"2023-12-12T09:15:02","slug":"noc-filmowa-w-plater","status":"publish","type":"post","link":"https:\/\/plater.edu.pl\/liceum\/2023\/12\/noc-filmowa-w-plater\/","title":{"rendered":"NOC FILMOWA W PLATER!"},"content":{"rendered":"Tegoroczna Noc Filmowa w Plater ju\u017c za nami. By\u0142o przyjacielsko, sympatycznie i\u2026 bezsennie. Ostatni seans filmowy zako\u0144czy\u0142 si\u0119 nad ranem. Nadii Nowak gratulujemy zrealizowanego projektu, a Wojtkowi Czapli dzi\u0119kujemy za wsparcie techniczne. Do nast\u0119pnego wsp\u00f3lnego bytowania w auli szkolnej \ud83d\ude09","protected":false},"excerpt":{"rendered":"<p>Tegoroczna Noc Filmowa w Plater ju\u017c za nami. By\u0142o przyjacielsko, sympatycznie i\u2026 bezsennie. Ostatni seans filmowy zako\u0144czy\u0142 si\u0119 nad ranem. Nadii Nowak gratulujemy zrealizowanego projektu, a Wojtkowi Czapli dzi\u0119kujemy za wsparcie techniczne. Do nast\u0119pnego wsp\u00f3lnego bytowania w auli szkolnej \ud83d\ude09<\/p>\n","protected":false},"author":1,"featured_media":794,"comment_status":"closed","ping_status":"closed","sticky":false,"template":"","format":"standard","meta":{"_acf_changed":false,"_stopmodifiedupdate":false,"_modified_date":"","footnotes":""},"categories":[79],"tags":[],"class_list":{"0":"post-1370","1":"post","2":"type-post","3":"status-publish","4":"format-standard","5":"has-post-thumbnail","7":"category-wydarzenia"},"acf":[],"_links":{"self":[{"href":"https:\/\/plater.edu.pl\/liceum\/wp-json\/wp\/v2\/posts\/1370","targetHints":{"allow":["GET"]}}],"collection":[{"href":"https:\/\/plater.edu.pl\/liceum\/wp-json\/wp\/v2\/posts"}],"about":[{"href":"https:\/\/plater.edu.pl\/liceum\/wp-json\/wp\/v2\/types\/post"}],"author":[{"embeddable":true,"href":"https:\/\/plater.edu.pl\/liceum\/wp-json\/wp\/v2\/users\/1"}],"replies":[{"embeddable":true,"href":"https:\/\/plater.edu.pl\/liceum\/wp-json\/wp\/v2\/comments?post=1370"}],"version-history":[{"count":0,"href":"https:\/\/plater.edu.pl\/liceum\/wp-json\/wp\/v2\/posts\/1370\/revisions"}],"wp:featuredmedia":[{"embeddable":true,"href":"https:\/\/plater.edu.pl\/liceum\/wp-json\/wp\/v2\/media\/794"}],"wp:attachment":[{"href":"https:\/\/plater.edu.pl\/liceum\/wp-json\/wp\/v2\/media?parent=1370"}],"wp:term":[{"taxonomy":"category","embeddable":true,"href":"https:\/\/plater.edu.pl\/liceum\/wp-json\/wp\/v2\/categories?post=1370"},{"taxonomy":"post_tag","embeddable":true,"href":"https:\/\/plater.edu.pl\/liceum\/wp-json\/wp\/v2\/tags?post=1370"}],"curies":[{"name":"wp","href":"https:\/\/api.w.org\/{rel}","templated":true}]}}