{"id":1388,"date":"2023-11-08T13:02:51","date_gmt":"2023-11-08T12:02:51","guid":{"rendered":"https:\/\/wordpress2403459.home.pl\/autoinstalator\/2lo\/2023\/11\/spotkanie-z-mariuszem-kedzierskim\/"},"modified":"2023-11-08T13:02:51","modified_gmt":"2023-11-08T12:02:51","slug":"spotkanie-z-mariuszem-kedzierskim","status":"publish","type":"post","link":"https:\/\/plater.edu.pl\/liceum\/2023\/11\/spotkanie-z-mariuszem-kedzierskim\/","title":{"rendered":"Spotkanie z Mariuszem K\u0119dzierskim"},"content":{"rendered":"\nNasze Liceum odwiedzi\u0142 niezwyk\u0142y cz\u0142owiek \u2013 Pan Mariusz K\u0119dzierski \u2013 artysta i m\u00f3wca motywacyjny. Podczas spotkania z m\u0142odzie\u017c\u0105 opowiedzia\u0142 trudn\u0105 histori\u0119 swojego \u017cycia i sukcesu, kt\u00f3ry osi\u0105gn\u0105\u0142 dzi\u0119ki w\u0142asnej pracy, determinacji i wiary we w\u0142asne mo\u017cliwo\u015bci. Niepe\u0142nosprawno\u015b\u0107 nie stan\u0119\u0142a mu na drodze do realizacji marze\u0144 \u2013 podr\u00f3\u017cy po ca\u0142ym \u015bwiecie, pracy z innymi lud\u017ami, organizowania wystaw prac w wielu miejscach na \u015bwiecie.","protected":false},"excerpt":{"rendered":"<p>Nasze Liceum odwiedzi\u0142 niezwyk\u0142y cz\u0142owiek \u2013 Pan Mariusz K\u0119dzierski \u2013 artysta i m\u00f3wca motywacyjny. Podczas spotkania z m\u0142odzie\u017c\u0105 opowiedzia\u0142 trudn\u0105 histori\u0119 swojego \u017cycia i sukcesu, kt\u00f3ry osi\u0105gn\u0105\u0142 dzi\u0119ki w\u0142asnej pracy, determinacji i wiary we w\u0142asne mo\u017cliwo\u015bci. Niepe\u0142nosprawno\u015b\u0107 nie stan\u0119\u0142a mu na drodze do realizacji marze\u0144 \u2013 podr\u00f3\u017cy po ca\u0142ym \u015bwiecie, pracy z innymi lud\u017ami, organizowania [&hellip;]<\/p>\n","protected":false},"author":1,"featured_media":779,"comment_status":"closed","ping_status":"closed","sticky":false,"template":"","format":"standard","meta":{"_acf_changed":false,"_stopmodifiedupdate":false,"_modified_date":"","footnotes":""},"categories":[80],"tags":[68],"class_list":{"0":"post-1388","1":"post","2":"type-post","3":"status-publish","4":"format-standard","5":"has-post-thumbnail","7":"category-spotkania","8":"tag-zaproszenie"},"acf":[],"_links":{"self":[{"href":"https:\/\/plater.edu.pl\/liceum\/wp-json\/wp\/v2\/posts\/1388","targetHints":{"allow":["GET"]}}],"collection":[{"href":"https:\/\/plater.edu.pl\/liceum\/wp-json\/wp\/v2\/posts"}],"about":[{"href":"https:\/\/plater.edu.pl\/liceum\/wp-json\/wp\/v2\/types\/post"}],"author":[{"embeddable":true,"href":"https:\/\/plater.edu.pl\/liceum\/wp-json\/wp\/v2\/users\/1"}],"replies":[{"embeddable":true,"href":"https:\/\/plater.edu.pl\/liceum\/wp-json\/wp\/v2\/comments?post=1388"}],"version-history":[{"count":0,"href":"https:\/\/plater.edu.pl\/liceum\/wp-json\/wp\/v2\/posts\/1388\/revisions"}],"wp:featuredmedia":[{"embeddable":true,"href":"https:\/\/plater.edu.pl\/liceum\/wp-json\/wp\/v2\/media\/779"}],"wp:attachment":[{"href":"https:\/\/plater.edu.pl\/liceum\/wp-json\/wp\/v2\/media?parent=1388"}],"wp:term":[{"taxonomy":"category","embeddable":true,"href":"https:\/\/plater.edu.pl\/liceum\/wp-json\/wp\/v2\/categories?post=1388"},{"taxonomy":"post_tag","embeddable":true,"href":"https:\/\/plater.edu.pl\/liceum\/wp-json\/wp\/v2\/tags?post=1388"}],"curies":[{"name":"wp","href":"https:\/\/api.w.org\/{rel}","templated":true}]}}