{"id":1393,"date":"2023-10-26T22:26:05","date_gmt":"2023-10-26T20:26:05","guid":{"rendered":"https:\/\/wordpress2403459.home.pl\/autoinstalator\/2lo\/2023\/10\/spotkanie-z-pania-justyna-chmielewska-executive-manager\/"},"modified":"2023-10-26T22:26:05","modified_gmt":"2023-10-26T20:26:05","slug":"spotkanie-z-pania-justyna-chmielewska-executive-manager","status":"publish","type":"post","link":"https:\/\/plater.edu.pl\/liceum\/2023\/10\/spotkanie-z-pania-justyna-chmielewska-executive-manager\/","title":{"rendered":"Spotkanie z Pani\u0105 Justyn\u0105 Chmielewsk\u0105-Executive Manager"},"content":{"rendered":"\nJak znale\u017a\u0107 prac\u0119 marze\u0144? Jak powinno wygl\u0105da\u0107 profesjonalne CV ? Jak przygotowa\u0107 si\u0119 do rozmowy kwalifikacyjnej? Na te i inne pytanie uczniowie klas trzecich i czwartych mogli znale\u017a\u0107 odpowied\u017a podczas spotkania z Pani\u0105 Justyn\u0105 Chmielewsk\u0105, Executive Manager firmy Hays, a poza tym absolwentk\u0105 PLATER. M\u0142odzie\u017c z przyjemno\u015bci\u0105 wys\u0142ucha\u0142a wskaz\u00f3wek Pani Justyny w tym zakresie. To by\u0142o bardzo ciekawe i po\u017cyteczne spotkanie.\n\u00a0\n\u00a0","protected":false},"excerpt":{"rendered":"<p>Jak znale\u017a\u0107 prac\u0119 marze\u0144? Jak powinno wygl\u0105da\u0107 profesjonalne CV ? Jak przygotowa\u0107 si\u0119 do rozmowy kwalifikacyjnej? Na te i inne pytanie uczniowie klas trzecich i czwartych mogli znale\u017a\u0107 odpowied\u017a podczas spotkania z Pani\u0105 Justyn\u0105 Chmielewsk\u0105, Executive Manager firmy Hays, a poza tym absolwentk\u0105 PLATER. M\u0142odzie\u017c z przyjemno\u015bci\u0105 wys\u0142ucha\u0142a wskaz\u00f3wek Pani Justyny w tym zakresie. To [&hellip;]<\/p>\n","protected":false},"author":1,"featured_media":773,"comment_status":"closed","ping_status":"closed","sticky":false,"template":"","format":"standard","meta":{"_acf_changed":false,"_stopmodifiedupdate":false,"_modified_date":"","footnotes":""},"categories":[80],"tags":[],"class_list":{"0":"post-1393","1":"post","2":"type-post","3":"status-publish","4":"format-standard","5":"has-post-thumbnail","7":"category-spotkania"},"acf":[],"_links":{"self":[{"href":"https:\/\/plater.edu.pl\/liceum\/wp-json\/wp\/v2\/posts\/1393","targetHints":{"allow":["GET"]}}],"collection":[{"href":"https:\/\/plater.edu.pl\/liceum\/wp-json\/wp\/v2\/posts"}],"about":[{"href":"https:\/\/plater.edu.pl\/liceum\/wp-json\/wp\/v2\/types\/post"}],"author":[{"embeddable":true,"href":"https:\/\/plater.edu.pl\/liceum\/wp-json\/wp\/v2\/users\/1"}],"replies":[{"embeddable":true,"href":"https:\/\/plater.edu.pl\/liceum\/wp-json\/wp\/v2\/comments?post=1393"}],"version-history":[{"count":0,"href":"https:\/\/plater.edu.pl\/liceum\/wp-json\/wp\/v2\/posts\/1393\/revisions"}],"wp:featuredmedia":[{"embeddable":true,"href":"https:\/\/plater.edu.pl\/liceum\/wp-json\/wp\/v2\/media\/773"}],"wp:attachment":[{"href":"https:\/\/plater.edu.pl\/liceum\/wp-json\/wp\/v2\/media?parent=1393"}],"wp:term":[{"taxonomy":"category","embeddable":true,"href":"https:\/\/plater.edu.pl\/liceum\/wp-json\/wp\/v2\/categories?post=1393"},{"taxonomy":"post_tag","embeddable":true,"href":"https:\/\/plater.edu.pl\/liceum\/wp-json\/wp\/v2\/tags?post=1393"}],"curies":[{"name":"wp","href":"https:\/\/api.w.org\/{rel}","templated":true}]}}