{"id":1396,"date":"2023-10-23T06:12:27","date_gmt":"2023-10-23T04:12:27","guid":{"rendered":"https:\/\/wordpress2403459.home.pl\/autoinstalator\/2lo\/2023\/10\/dzien-edukacji-narodowej-2023\/"},"modified":"2023-10-23T06:12:27","modified_gmt":"2023-10-23T04:12:27","slug":"dzien-edukacji-narodowej-2023","status":"publish","type":"post","link":"https:\/\/plater.edu.pl\/liceum\/2023\/10\/dzien-edukacji-narodowej-2023\/","title":{"rendered":"Dzie\u0144 Edukacji Narodowej 2023"},"content":{"rendered":"\nW dniu 16 pa\u017adziernika 2023 r.\u00a0 w naszym Liceum odby\u0142a si\u0119 uroczysta akademia z okazji Dnia Edukacji Narodowej, kt\u00f3r\u0105 przygotowa\u0142a i zaprezentowa\u0142a klasa 3b pod kierunkiem\u00a0 Pani Profesor Katarzyny Koniak.\u00a0","protected":false},"excerpt":{"rendered":"<p>W dniu 16 pa\u017adziernika 2023 r.\u00a0 w naszym Liceum odby\u0142a si\u0119 uroczysta akademia z okazji Dnia Edukacji Narodowej, kt\u00f3r\u0105 przygotowa\u0142a i zaprezentowa\u0142a klasa 3b pod kierunkiem\u00a0 Pani Profesor Katarzyny Koniak.\u00a0<\/p>\n","protected":false},"author":1,"featured_media":770,"comment_status":"closed","ping_status":"closed","sticky":false,"template":"","format":"standard","meta":{"_acf_changed":false,"_stopmodifiedupdate":false,"_modified_date":"","footnotes":""},"categories":[85],"tags":[],"class_list":{"0":"post-1396","1":"post","2":"type-post","3":"status-publish","4":"format-standard","5":"has-post-thumbnail","7":"category-uroczystosci"},"acf":[],"_links":{"self":[{"href":"https:\/\/plater.edu.pl\/liceum\/wp-json\/wp\/v2\/posts\/1396","targetHints":{"allow":["GET"]}}],"collection":[{"href":"https:\/\/plater.edu.pl\/liceum\/wp-json\/wp\/v2\/posts"}],"about":[{"href":"https:\/\/plater.edu.pl\/liceum\/wp-json\/wp\/v2\/types\/post"}],"author":[{"embeddable":true,"href":"https:\/\/plater.edu.pl\/liceum\/wp-json\/wp\/v2\/users\/1"}],"replies":[{"embeddable":true,"href":"https:\/\/plater.edu.pl\/liceum\/wp-json\/wp\/v2\/comments?post=1396"}],"version-history":[{"count":0,"href":"https:\/\/plater.edu.pl\/liceum\/wp-json\/wp\/v2\/posts\/1396\/revisions"}],"wp:featuredmedia":[{"embeddable":true,"href":"https:\/\/plater.edu.pl\/liceum\/wp-json\/wp\/v2\/media\/770"}],"wp:attachment":[{"href":"https:\/\/plater.edu.pl\/liceum\/wp-json\/wp\/v2\/media?parent=1396"}],"wp:term":[{"taxonomy":"category","embeddable":true,"href":"https:\/\/plater.edu.pl\/liceum\/wp-json\/wp\/v2\/categories?post=1396"},{"taxonomy":"post_tag","embeddable":true,"href":"https:\/\/plater.edu.pl\/liceum\/wp-json\/wp\/v2\/tags?post=1396"}],"curies":[{"name":"wp","href":"https:\/\/api.w.org\/{rel}","templated":true}]}}