{"id":1401,"date":"2023-10-09T22:53:38","date_gmt":"2023-10-09T20:53:38","guid":{"rendered":"https:\/\/wordpress2403459.home.pl\/autoinstalator\/2lo\/2023\/10\/spotkanie-z-joanna-przetakiewicz\/"},"modified":"2023-10-09T22:53:38","modified_gmt":"2023-10-09T20:53:38","slug":"spotkanie-z-joanna-przetakiewicz","status":"publish","type":"post","link":"https:\/\/plater.edu.pl\/liceum\/2023\/10\/spotkanie-z-joanna-przetakiewicz\/","title":{"rendered":"Spotkanie z Joann\u0105 Przetakiewicz"},"content":{"rendered":"\nW dniu 4 pa\u017adziernika 2023 roku w II LO im. Emilii Plater go\u015bci\u0142a Pani Joanna Przetakiewicz \u2013 kobieta sukcesu, projektantka mody, businesswoman, hedonistka oraz aktywistka. Ten ciekawy wywiad z zaproszon\u0105 przeprowadzi\u0142a \u2013 Pani Dyrektor naszego liceum \u2013 Justyna Tulicka. Liczni zgromadzeni mogli wys\u0142ucha\u0107 rad, zwerbalizowanych my\u015bli odwa\u017cnej kobiety, kt\u00f3ra odnios\u0142a ogromny sukces w \u017cyciu zawodowym.","protected":false},"excerpt":{"rendered":"<p>W dniu 4 pa\u017adziernika 2023 roku w II LO im. Emilii Plater go\u015bci\u0142a Pani Joanna Przetakiewicz \u2013 kobieta sukcesu, projektantka mody, businesswoman, hedonistka oraz aktywistka. Ten ciekawy wywiad z zaproszon\u0105 przeprowadzi\u0142a \u2013 Pani Dyrektor naszego liceum \u2013 Justyna Tulicka. Liczni zgromadzeni mogli wys\u0142ucha\u0107 rad, zwerbalizowanych my\u015bli odwa\u017cnej kobiety, kt\u00f3ra odnios\u0142a ogromny sukces w \u017cyciu zawodowym.<\/p>\n","protected":false},"author":1,"featured_media":766,"comment_status":"closed","ping_status":"closed","sticky":false,"template":"","format":"standard","meta":{"_acf_changed":false,"_stopmodifiedupdate":false,"_modified_date":"","footnotes":""},"categories":[80],"tags":[],"class_list":{"0":"post-1401","1":"post","2":"type-post","3":"status-publish","4":"format-standard","5":"has-post-thumbnail","7":"category-spotkania"},"acf":[],"_links":{"self":[{"href":"https:\/\/plater.edu.pl\/liceum\/wp-json\/wp\/v2\/posts\/1401","targetHints":{"allow":["GET"]}}],"collection":[{"href":"https:\/\/plater.edu.pl\/liceum\/wp-json\/wp\/v2\/posts"}],"about":[{"href":"https:\/\/plater.edu.pl\/liceum\/wp-json\/wp\/v2\/types\/post"}],"author":[{"embeddable":true,"href":"https:\/\/plater.edu.pl\/liceum\/wp-json\/wp\/v2\/users\/1"}],"replies":[{"embeddable":true,"href":"https:\/\/plater.edu.pl\/liceum\/wp-json\/wp\/v2\/comments?post=1401"}],"version-history":[{"count":0,"href":"https:\/\/plater.edu.pl\/liceum\/wp-json\/wp\/v2\/posts\/1401\/revisions"}],"wp:featuredmedia":[{"embeddable":true,"href":"https:\/\/plater.edu.pl\/liceum\/wp-json\/wp\/v2\/media\/766"}],"wp:attachment":[{"href":"https:\/\/plater.edu.pl\/liceum\/wp-json\/wp\/v2\/media?parent=1401"}],"wp:term":[{"taxonomy":"category","embeddable":true,"href":"https:\/\/plater.edu.pl\/liceum\/wp-json\/wp\/v2\/categories?post=1401"},{"taxonomy":"post_tag","embeddable":true,"href":"https:\/\/plater.edu.pl\/liceum\/wp-json\/wp\/v2\/tags?post=1401"}],"curies":[{"name":"wp","href":"https:\/\/api.w.org\/{rel}","templated":true}]}}