{"id":1412,"date":"2023-09-21T20:36:06","date_gmt":"2023-09-21T18:36:06","guid":{"rendered":"https:\/\/wordpress2403459.home.pl\/autoinstalator\/2lo\/2023\/09\/spotkanie-z-lukaszem-koszarkiem-gosciem-specjalnym\/"},"modified":"2023-09-21T20:36:06","modified_gmt":"2023-09-21T18:36:06","slug":"spotkanie-z-lukaszem-koszarkiem-gosciem-specjalnym","status":"publish","type":"post","link":"https:\/\/plater.edu.pl\/liceum\/2023\/09\/spotkanie-z-lukaszem-koszarkiem-gosciem-specjalnym\/","title":{"rendered":"Spotkanie z \u0141ukaszem Koszarkiem &#8211; go\u015bciem specjalnym"},"content":{"rendered":"W \u015brod\u0119 20 wrze\u015bnia nasze Liceum mia\u0142o okazj\u0119 go\u015bci\u0107 Pana \u0141ukasza Koszarka &#8211; pi\u0119ciokrotnego mistrza Polski w koszyk\u00f3wce, reprezentanta Polski senior\u00f3w i w kategoriach juniorskich, sze\u015bciokrotnego uczestnika turniej\u00f3w fina\u0142owych mistrzostw Europy, uczestnika mistrzostw \u015bwiata, a od 2023 roku prezesa Polskiej Ligi Koszyk\u00f3wki. Spotkanie z go\u015bciem poprowadzi\u0142a Pani mgr Justyna Tulicka &#8211; Dyrektor Szko\u0142y.\u00a0","protected":false},"excerpt":{"rendered":"<p>W \u015brod\u0119 20 wrze\u015bnia nasze Liceum mia\u0142o okazj\u0119 go\u015bci\u0107 Pana \u0141ukasza Koszarka &#8211; pi\u0119ciokrotnego mistrza Polski w koszyk\u00f3wce, reprezentanta Polski senior\u00f3w i w kategoriach juniorskich, sze\u015bciokrotnego uczestnika turniej\u00f3w fina\u0142owych mistrzostw Europy, uczestnika mistrzostw \u015bwiata, a od 2023 roku prezesa Polskiej Ligi Koszyk\u00f3wki. Spotkanie z go\u015bciem poprowadzi\u0142a Pani mgr Justyna Tulicka &#8211; Dyrektor Szko\u0142y.\u00a0<\/p>\n","protected":false},"author":1,"featured_media":754,"comment_status":"closed","ping_status":"closed","sticky":false,"template":"","format":"standard","meta":{"_acf_changed":false,"_stopmodifiedupdate":false,"_modified_date":"","footnotes":""},"categories":[80],"tags":[],"class_list":{"0":"post-1412","1":"post","2":"type-post","3":"status-publish","4":"format-standard","5":"has-post-thumbnail","7":"category-spotkania"},"acf":[],"_links":{"self":[{"href":"https:\/\/plater.edu.pl\/liceum\/wp-json\/wp\/v2\/posts\/1412","targetHints":{"allow":["GET"]}}],"collection":[{"href":"https:\/\/plater.edu.pl\/liceum\/wp-json\/wp\/v2\/posts"}],"about":[{"href":"https:\/\/plater.edu.pl\/liceum\/wp-json\/wp\/v2\/types\/post"}],"author":[{"embeddable":true,"href":"https:\/\/plater.edu.pl\/liceum\/wp-json\/wp\/v2\/users\/1"}],"replies":[{"embeddable":true,"href":"https:\/\/plater.edu.pl\/liceum\/wp-json\/wp\/v2\/comments?post=1412"}],"version-history":[{"count":0,"href":"https:\/\/plater.edu.pl\/liceum\/wp-json\/wp\/v2\/posts\/1412\/revisions"}],"wp:featuredmedia":[{"embeddable":true,"href":"https:\/\/plater.edu.pl\/liceum\/wp-json\/wp\/v2\/media\/754"}],"wp:attachment":[{"href":"https:\/\/plater.edu.pl\/liceum\/wp-json\/wp\/v2\/media?parent=1412"}],"wp:term":[{"taxonomy":"category","embeddable":true,"href":"https:\/\/plater.edu.pl\/liceum\/wp-json\/wp\/v2\/categories?post=1412"},{"taxonomy":"post_tag","embeddable":true,"href":"https:\/\/plater.edu.pl\/liceum\/wp-json\/wp\/v2\/tags?post=1412"}],"curies":[{"name":"wp","href":"https:\/\/api.w.org\/{rel}","templated":true}]}}