{"id":1423,"date":"2023-09-04T22:24:09","date_gmt":"2023-09-04T20:24:09","guid":{"rendered":"https:\/\/wordpress2403459.home.pl\/autoinstalator\/2lo\/2023\/09\/inauguracja-roku-szkolnego-2023-2024\/"},"modified":"2023-09-04T22:24:09","modified_gmt":"2023-09-04T20:24:09","slug":"inauguracja-roku-szkolnego-2023-2024","status":"publish","type":"post","link":"https:\/\/plater.edu.pl\/liceum\/2023\/09\/inauguracja-roku-szkolnego-2023-2024\/","title":{"rendered":"Inauguracja roku szkolnego 2023\/2024"},"content":{"rendered":"\nUroczysta inauguracja roku szkolnego 2023\/2024 dla uczni\u00f3w klas I naszego Liceum odby\u0142a si\u0119 w auli Wydzia\u0142u Przyrodniczego Uniwersytetu \u015al\u0105skiego.","protected":false},"excerpt":{"rendered":"<p>Uroczysta inauguracja roku szkolnego 2023\/2024 dla uczni\u00f3w klas I naszego Liceum odby\u0142a si\u0119 w auli Wydzia\u0142u Przyrodniczego Uniwersytetu \u015al\u0105skiego.<\/p>\n","protected":false},"author":1,"featured_media":746,"comment_status":"closed","ping_status":"closed","sticky":false,"template":"","format":"standard","meta":{"_acf_changed":false,"_stopmodifiedupdate":false,"_modified_date":"","footnotes":""},"categories":[85],"tags":[],"class_list":{"0":"post-1423","1":"post","2":"type-post","3":"status-publish","4":"format-standard","5":"has-post-thumbnail","7":"category-uroczystosci"},"acf":[],"_links":{"self":[{"href":"https:\/\/plater.edu.pl\/liceum\/wp-json\/wp\/v2\/posts\/1423","targetHints":{"allow":["GET"]}}],"collection":[{"href":"https:\/\/plater.edu.pl\/liceum\/wp-json\/wp\/v2\/posts"}],"about":[{"href":"https:\/\/plater.edu.pl\/liceum\/wp-json\/wp\/v2\/types\/post"}],"author":[{"embeddable":true,"href":"https:\/\/plater.edu.pl\/liceum\/wp-json\/wp\/v2\/users\/1"}],"replies":[{"embeddable":true,"href":"https:\/\/plater.edu.pl\/liceum\/wp-json\/wp\/v2\/comments?post=1423"}],"version-history":[{"count":0,"href":"https:\/\/plater.edu.pl\/liceum\/wp-json\/wp\/v2\/posts\/1423\/revisions"}],"wp:featuredmedia":[{"embeddable":true,"href":"https:\/\/plater.edu.pl\/liceum\/wp-json\/wp\/v2\/media\/746"}],"wp:attachment":[{"href":"https:\/\/plater.edu.pl\/liceum\/wp-json\/wp\/v2\/media?parent=1423"}],"wp:term":[{"taxonomy":"category","embeddable":true,"href":"https:\/\/plater.edu.pl\/liceum\/wp-json\/wp\/v2\/categories?post=1423"},{"taxonomy":"post_tag","embeddable":true,"href":"https:\/\/plater.edu.pl\/liceum\/wp-json\/wp\/v2\/tags?post=1423"}],"curies":[{"name":"wp","href":"https:\/\/api.w.org\/{rel}","templated":true}]}}