{"id":1457,"date":"2021-03-10T21:06:13","date_gmt":"2021-03-10T20:06:13","guid":{"rendered":"https:\/\/wordpress2403459.home.pl\/autoinstalator\/2lo\/?p=1457"},"modified":"2021-04-29T17:50:00","modified_gmt":"2021-04-29T17:50:00","slug":"vii-edycja-2020-2021","status":"publish","type":"post","link":"https:\/\/plater.edu.pl\/liceum\/2021\/03\/vii-edycja-2020-2021\/","title":{"rendered":"VII edycja PlatMat 2020\/2021"},"content":{"rendered":"\n<p>29 kwietnia 2021 odby\u0142 si\u0119 mi\u0119dzyszkolny\u00a0 konkurs\u00a0matematyczny PlatMat zorganizowany przez II LO im. Emilii Plater w\u00a0Sosnowcu pod patronatem Dyrektora tej plac\u00f3wki mgr Justyny Tulickiej. By\u0142a to ju\u017c si\u00f3dma\u00a0 edycja rywalizacji uczni\u00f3w, kt\u00f3ra mia\u0142a miejsce\u00a0 w gmachu Plater. Konkurs skierowany\u00a0 by\u0142\u00a0 do uczni\u00f3w szk\u00f3\u0142 podstawowych zainteresowanych matematyk\u0105 i chc\u0105cych sprawdzi\u0107 si\u0119 w rywalizacji z r\u00f3wie\u015bnikami. W matematycznych zmaganiach udzia\u0142 bra\u0142y\u00a0 dwuosobowe dru\u017cyny, kt\u00f3re rozwi\u0105zywa\u0142y\u00a0 zadania z zakresu podstawy programowej z matematyki dla szk\u00f3\u0142 podstawowych. Na zwyci\u0119zc\u00f3w obok chwa\u0142y i dyplom\u00f3w czeka\u0142y\u00a0 cenne nagrody rzeczowe. W tej edycji I miejsce zdoby\u0142a dru\u017cyna ze Szko\u0142y Podstawowej nr 6 Igor Gawor, Szymon Grzesik, II miejsce Weronika S\u0142abo\u0144 i Karolina Sroka ze Szko\u0142y Podstawowej nr 6, miejsce III\u00a0 Maria Dubiel, Zofia Kami\u0144ska\u00a0 r\u00f3wnie\u017c ze Szko\u0142y Podstawowej nr 6. Gratulujemy zwyci\u0119zcom.<\/p>\n","protected":false},"excerpt":{"rendered":"<p>29 kwietnia 2021 odby\u0142 si\u0119 mi\u0119dzyszkolny\u00a0 konkurs\u00a0matematyczny PlatMat zorganizowany przez II LO im. Emilii Plater w\u00a0Sosnowcu pod patronatem Dyrektora tej plac\u00f3wki mgr Justyny Tulickiej. By\u0142a to ju\u017c si\u00f3dma\u00a0 edycja rywalizacji uczni\u00f3w, kt\u00f3ra mia\u0142a miejsce\u00a0 w gmachu Plater. Konkurs skierowany\u00a0 by\u0142\u00a0 do uczni\u00f3w szk\u00f3\u0142 podstawowych zainteresowanych matematyk\u0105 i chc\u0105cych sprawdzi\u0107 si\u0119 w rywalizacji z r\u00f3wie\u015bnikami. W [&hellip;]<\/p>\n","protected":false},"author":1,"featured_media":2703,"comment_status":"open","ping_status":"open","sticky":false,"template":"","format":"standard","meta":{"_acf_changed":false,"_stopmodifiedupdate":true,"_modified_date":"","footnotes":""},"categories":[84,119],"tags":[],"class_list":{"0":"post-1457","1":"post","2":"type-post","3":"status-publish","4":"format-standard","5":"has-post-thumbnail","7":"category-konkursy","8":"category-platmat-konkursy"},"acf":[],"_links":{"self":[{"href":"https:\/\/plater.edu.pl\/liceum\/wp-json\/wp\/v2\/posts\/1457","targetHints":{"allow":["GET"]}}],"collection":[{"href":"https:\/\/plater.edu.pl\/liceum\/wp-json\/wp\/v2\/posts"}],"about":[{"href":"https:\/\/plater.edu.pl\/liceum\/wp-json\/wp\/v2\/types\/post"}],"author":[{"embeddable":true,"href":"https:\/\/plater.edu.pl\/liceum\/wp-json\/wp\/v2\/users\/1"}],"replies":[{"embeddable":true,"href":"https:\/\/plater.edu.pl\/liceum\/wp-json\/wp\/v2\/comments?post=1457"}],"version-history":[{"count":11,"href":"https:\/\/plater.edu.pl\/liceum\/wp-json\/wp\/v2\/posts\/1457\/revisions"}],"predecessor-version":[{"id":2715,"href":"https:\/\/plater.edu.pl\/liceum\/wp-json\/wp\/v2\/posts\/1457\/revisions\/2715"}],"wp:featuredmedia":[{"embeddable":true,"href":"https:\/\/plater.edu.pl\/liceum\/wp-json\/wp\/v2\/media\/2703"}],"wp:attachment":[{"href":"https:\/\/plater.edu.pl\/liceum\/wp-json\/wp\/v2\/media?parent=1457"}],"wp:term":[{"taxonomy":"category","embeddable":true,"href":"https:\/\/plater.edu.pl\/liceum\/wp-json\/wp\/v2\/categories?post=1457"},{"taxonomy":"post_tag","embeddable":true,"href":"https:\/\/plater.edu.pl\/liceum\/wp-json\/wp\/v2\/tags?post=1457"}],"curies":[{"name":"wp","href":"https:\/\/api.w.org\/{rel}","templated":true}]}}