{"id":2923,"date":"2024-04-04T23:12:01","date_gmt":"2024-04-04T21:12:01","guid":{"rendered":"https:\/\/plater.edu.pl\/liceum\/?p=2923"},"modified":"2024-04-05T01:10:39","modified_gmt":"2024-04-04T23:10:39","slug":"bieg-tropem-wilczym-1-marca","status":"publish","type":"post","link":"https:\/\/plater.edu.pl\/liceum\/2024\/04\/bieg-tropem-wilczym-1-marca\/","title":{"rendered":"BIEG TROPEM WILCZYM \u2013 1 MARCA"},"content":{"rendered":"\n<p>Plateranie oddaj\u0105c ho\u0142d \u017bo\u0142nierzom polskiego podziemia antykomunistycznego dzia\u0142aj\u0105cego w latach 1944-1963 w obr\u0119bie przedwojennych granic RP od trzech lat wraz z nauczycielami uczestnicz\u0105&nbsp; w biegu \u201eTropem Wilczym\u201d, kt\u00f3re odbywa si\u0119 corocznie dnia 1 marca. Przed biegiem w szkole nauczyciele historii przeprowadzaj\u0105 wyk\u0142ady i warsztaty dotycz\u0105ce tematyki \u017co\u0142nierzy wykl\u0119tych, co ma na celu zakrzewienie w \u201enaszej\u201d m\u0142odzie\u017cy ducha patriotyzmu i pami\u0119ci o niez\u0142omnych bohaterach tamtych czas\u00f3w.&nbsp;<\/p>\n","protected":false},"excerpt":{"rendered":"<p>Plateranie oddaj\u0105c ho\u0142d \u017bo\u0142nierzom polskiego podziemia antykomunistycznego dzia\u0142aj\u0105cego w latach 1944-1963 w obr\u0119bie przedwojennych granic RP od trzech lat wraz z nauczycielami uczestnicz\u0105&nbsp; w biegu \u201eTropem Wilczym\u201d, kt\u00f3re odbywa si\u0119 corocznie dnia 1 marca. Przed biegiem w szkole nauczyciele historii przeprowadzaj\u0105 wyk\u0142ady i warsztaty dotycz\u0105ce tematyki \u017co\u0142nierzy wykl\u0119tych, co ma na celu zakrzewienie w \u201enaszej\u201d [&hellip;]<\/p>\n","protected":false},"author":1,"featured_media":0,"comment_status":"closed","ping_status":"closed","sticky":false,"template":"","format":"standard","meta":{"_acf_changed":false,"_stopmodifiedupdate":false,"_modified_date":"","footnotes":""},"categories":[130],"tags":[],"class_list":{"0":"post-2923","1":"post","2":"type-post","3":"status-publish","4":"format-standard","6":"category-niepodlegla"},"acf":[],"_links":{"self":[{"href":"https:\/\/plater.edu.pl\/liceum\/wp-json\/wp\/v2\/posts\/2923","targetHints":{"allow":["GET"]}}],"collection":[{"href":"https:\/\/plater.edu.pl\/liceum\/wp-json\/wp\/v2\/posts"}],"about":[{"href":"https:\/\/plater.edu.pl\/liceum\/wp-json\/wp\/v2\/types\/post"}],"author":[{"embeddable":true,"href":"https:\/\/plater.edu.pl\/liceum\/wp-json\/wp\/v2\/users\/1"}],"replies":[{"embeddable":true,"href":"https:\/\/plater.edu.pl\/liceum\/wp-json\/wp\/v2\/comments?post=2923"}],"version-history":[{"count":3,"href":"https:\/\/plater.edu.pl\/liceum\/wp-json\/wp\/v2\/posts\/2923\/revisions"}],"predecessor-version":[{"id":2991,"href":"https:\/\/plater.edu.pl\/liceum\/wp-json\/wp\/v2\/posts\/2923\/revisions\/2991"}],"wp:attachment":[{"href":"https:\/\/plater.edu.pl\/liceum\/wp-json\/wp\/v2\/media?parent=2923"}],"wp:term":[{"taxonomy":"category","embeddable":true,"href":"https:\/\/plater.edu.pl\/liceum\/wp-json\/wp\/v2\/categories?post=2923"},{"taxonomy":"post_tag","embeddable":true,"href":"https:\/\/plater.edu.pl\/liceum\/wp-json\/wp\/v2\/tags?post=2923"}],"curies":[{"name":"wp","href":"https:\/\/api.w.org\/{rel}","templated":true}]}}