{"id":2926,"date":"2020-04-04T23:12:20","date_gmt":"2020-04-04T21:12:20","guid":{"rendered":"https:\/\/plater.edu.pl\/liceum\/?p=2926"},"modified":"2024-04-05T01:10:28","modified_gmt":"2024-04-04T23:10:28","slug":"2020-viii-bieg-pamieci-zolnierzy-wykletych","status":"publish","type":"post","link":"https:\/\/plater.edu.pl\/liceum\/2020\/04\/2020-viii-bieg-pamieci-zolnierzy-wykletych\/","title":{"rendered":"2020 &#8211; VIII BIEG PAMI\u0118CI \u017bO\u0141NIERZY WYKL\u0118TYCH"},"content":{"rendered":"\n<p>W niedziel\u0119 1 marca Plateranie wzi\u0119li udzia\u0142 w biegu na dystansie 1963 metr\u00f3w, kt\u00f3ry nawi\u0105zuje do roku, w kt\u00f3rym zgin\u0105\u0142 ostatni, poleg\u0142y w walce \u017bo\u0142nierz Wykl\u0119ty \u2013 J\u00f3zef Franczak ps. Lalek.&nbsp;<\/p>\n\n\n\n<p>Udzia\u0142 w biegu jest \u015bwiadom\u0105 postaw\u0105 patriotyczn\u0105 wsp\u00f3\u0142czesnego pokolenia Polak\u00f3w.<\/p>\n\n\n<ul class=\"filebird-block-filebird-gallery wp-block-gallery blocks-gallery-grid columns-3 is-cropped\" style=\"--columns: 3;--space: 0px;--min-width: 0px;\"><li class=\"blocks-gallery-item\"><figure><img loading=\"lazy\" decoding=\"async\" width=\"960\" height=\"466\" src=\"https:\/\/plater.edu.pl\/liceum\/wp-content\/uploads\/2024\/04\/09-2.jpg\" alt=\"09\" class=\"wp-image-2936\" srcset=\"https:\/\/plater.edu.pl\/liceum\/wp-content\/uploads\/2024\/04\/09-2.jpg 960w, https:\/\/plater.edu.pl\/liceum\/wp-content\/uploads\/2024\/04\/09-2-300x146.jpg 300w, https:\/\/plater.edu.pl\/liceum\/wp-content\/uploads\/2024\/04\/09-2-768x373.jpg 768w, https:\/\/plater.edu.pl\/liceum\/wp-content\/uploads\/2024\/04\/09-2-150x73.jpg 150w, https:\/\/plater.edu.pl\/liceum\/wp-content\/uploads\/2024\/04\/09-2-696x338.jpg 696w\" sizes=\"auto, (max-width: 960px) 100vw, 960px\" \/><\/figure><\/li><li class=\"blocks-gallery-item\"><figure><img loading=\"lazy\" decoding=\"async\" width=\"960\" height=\"466\" src=\"https:\/\/plater.edu.pl\/liceum\/wp-content\/uploads\/2024\/04\/08-2.jpg\" alt=\"08\" class=\"wp-image-2935\" srcset=\"https:\/\/plater.edu.pl\/liceum\/wp-content\/uploads\/2024\/04\/08-2.jpg 960w, https:\/\/plater.edu.pl\/liceum\/wp-content\/uploads\/2024\/04\/08-2-300x146.jpg 300w, https:\/\/plater.edu.pl\/liceum\/wp-content\/uploads\/2024\/04\/08-2-768x373.jpg 768w, https:\/\/plater.edu.pl\/liceum\/wp-content\/uploads\/2024\/04\/08-2-150x73.jpg 150w, https:\/\/plater.edu.pl\/liceum\/wp-content\/uploads\/2024\/04\/08-2-696x338.jpg 696w\" sizes=\"auto, (max-width: 960px) 100vw, 960px\" \/><\/figure><\/li><li class=\"blocks-gallery-item\"><figure><img loading=\"lazy\" decoding=\"async\" width=\"464\" height=\"960\" src=\"https:\/\/plater.edu.pl\/liceum\/wp-content\/uploads\/2024\/04\/07-2.jpg\" alt=\"07\" class=\"wp-image-2934\" srcset=\"https:\/\/plater.edu.pl\/liceum\/wp-content\/uploads\/2024\/04\/07-2.jpg 464w, https:\/\/plater.edu.pl\/liceum\/wp-content\/uploads\/2024\/04\/07-2-145x300.jpg 145w, https:\/\/plater.edu.pl\/liceum\/wp-content\/uploads\/2024\/04\/07-2-150x310.jpg 150w, https:\/\/plater.edu.pl\/liceum\/wp-content\/uploads\/2024\/04\/07-2-300x621.jpg 300w\" sizes=\"auto, (max-width: 464px) 100vw, 464px\" \/><\/figure><\/li><li class=\"blocks-gallery-item\"><figure><img loading=\"lazy\" decoding=\"async\" width=\"777\" height=\"365\" src=\"https:\/\/plater.edu.pl\/liceum\/wp-content\/uploads\/2024\/04\/06-2.jpg\" alt=\"06\" class=\"wp-image-2933\" srcset=\"https:\/\/plater.edu.pl\/liceum\/wp-content\/uploads\/2024\/04\/06-2.jpg 777w, https:\/\/plater.edu.pl\/liceum\/wp-content\/uploads\/2024\/04\/06-2-300x141.jpg 300w, https:\/\/plater.edu.pl\/liceum\/wp-content\/uploads\/2024\/04\/06-2-768x361.jpg 768w, https:\/\/plater.edu.pl\/liceum\/wp-content\/uploads\/2024\/04\/06-2-150x70.jpg 150w, https:\/\/plater.edu.pl\/liceum\/wp-content\/uploads\/2024\/04\/06-2-696x327.jpg 696w\" sizes=\"auto, (max-width: 777px) 100vw, 777px\" \/><\/figure><\/li><li class=\"blocks-gallery-item\"><figure><img loading=\"lazy\" decoding=\"async\" width=\"960\" height=\"466\" src=\"https:\/\/plater.edu.pl\/liceum\/wp-content\/uploads\/2024\/04\/05-2.jpg\" alt=\"05\" class=\"wp-image-2932\" srcset=\"https:\/\/plater.edu.pl\/liceum\/wp-content\/uploads\/2024\/04\/05-2.jpg 960w, https:\/\/plater.edu.pl\/liceum\/wp-content\/uploads\/2024\/04\/05-2-300x146.jpg 300w, https:\/\/plater.edu.pl\/liceum\/wp-content\/uploads\/2024\/04\/05-2-768x373.jpg 768w, https:\/\/plater.edu.pl\/liceum\/wp-content\/uploads\/2024\/04\/05-2-150x73.jpg 150w, https:\/\/plater.edu.pl\/liceum\/wp-content\/uploads\/2024\/04\/05-2-696x338.jpg 696w\" sizes=\"auto, (max-width: 960px) 100vw, 960px\" \/><\/figure><\/li><li class=\"blocks-gallery-item\"><figure><img loading=\"lazy\" decoding=\"async\" width=\"960\" height=\"466\" src=\"https:\/\/plater.edu.pl\/liceum\/wp-content\/uploads\/2024\/04\/04-2.jpg\" alt=\"04\" class=\"wp-image-2931\" srcset=\"https:\/\/plater.edu.pl\/liceum\/wp-content\/uploads\/2024\/04\/04-2.jpg 960w, https:\/\/plater.edu.pl\/liceum\/wp-content\/uploads\/2024\/04\/04-2-300x146.jpg 300w, https:\/\/plater.edu.pl\/liceum\/wp-content\/uploads\/2024\/04\/04-2-768x373.jpg 768w, https:\/\/plater.edu.pl\/liceum\/wp-content\/uploads\/2024\/04\/04-2-150x73.jpg 150w, https:\/\/plater.edu.pl\/liceum\/wp-content\/uploads\/2024\/04\/04-2-696x338.jpg 696w\" sizes=\"auto, (max-width: 960px) 100vw, 960px\" \/><\/figure><\/li><li class=\"blocks-gallery-item\"><figure><img loading=\"lazy\" decoding=\"async\" width=\"960\" height=\"466\" src=\"https:\/\/plater.edu.pl\/liceum\/wp-content\/uploads\/2024\/04\/03-2.jpg\" alt=\"03\" class=\"wp-image-2930\" srcset=\"https:\/\/plater.edu.pl\/liceum\/wp-content\/uploads\/2024\/04\/03-2.jpg 960w, https:\/\/plater.edu.pl\/liceum\/wp-content\/uploads\/2024\/04\/03-2-300x146.jpg 300w, https:\/\/plater.edu.pl\/liceum\/wp-content\/uploads\/2024\/04\/03-2-768x373.jpg 768w, https:\/\/plater.edu.pl\/liceum\/wp-content\/uploads\/2024\/04\/03-2-150x73.jpg 150w, https:\/\/plater.edu.pl\/liceum\/wp-content\/uploads\/2024\/04\/03-2-696x338.jpg 696w\" sizes=\"auto, (max-width: 960px) 100vw, 960px\" \/><\/figure><\/li><li class=\"blocks-gallery-item\"><figure><img loading=\"lazy\" decoding=\"async\" width=\"960\" height=\"466\" src=\"https:\/\/plater.edu.pl\/liceum\/wp-content\/uploads\/2024\/04\/02-1.jpg\" alt=\"02\" class=\"wp-image-2929\" srcset=\"https:\/\/plater.edu.pl\/liceum\/wp-content\/uploads\/2024\/04\/02-1.jpg 960w, https:\/\/plater.edu.pl\/liceum\/wp-content\/uploads\/2024\/04\/02-1-300x146.jpg 300w, https:\/\/plater.edu.pl\/liceum\/wp-content\/uploads\/2024\/04\/02-1-768x373.jpg 768w, https:\/\/plater.edu.pl\/liceum\/wp-content\/uploads\/2024\/04\/02-1-150x73.jpg 150w, https:\/\/plater.edu.pl\/liceum\/wp-content\/uploads\/2024\/04\/02-1-696x338.jpg 696w\" sizes=\"auto, (max-width: 960px) 100vw, 960px\" \/><\/figure><\/li><li class=\"blocks-gallery-item\"><figure><img loading=\"lazy\" decoding=\"async\" width=\"464\" height=\"960\" src=\"https:\/\/plater.edu.pl\/liceum\/wp-content\/uploads\/2024\/04\/01-1.jpg\" alt=\"01\" class=\"wp-image-2928\" srcset=\"https:\/\/plater.edu.pl\/liceum\/wp-content\/uploads\/2024\/04\/01-1.jpg 464w, https:\/\/plater.edu.pl\/liceum\/wp-content\/uploads\/2024\/04\/01-1-145x300.jpg 145w, https:\/\/plater.edu.pl\/liceum\/wp-content\/uploads\/2024\/04\/01-1-150x310.jpg 150w, https:\/\/plater.edu.pl\/liceum\/wp-content\/uploads\/2024\/04\/01-1-300x621.jpg 300w\" sizes=\"auto, (max-width: 464px) 100vw, 464px\" \/><\/figure><\/li><\/ul>","protected":false},"excerpt":{"rendered":"<p>W niedziel\u0119 1 marca Plateranie wzi\u0119li udzia\u0142 w biegu na dystansie 1963 metr\u00f3w, kt\u00f3ry nawi\u0105zuje do roku, w kt\u00f3rym zgin\u0105\u0142 ostatni, poleg\u0142y w walce \u017bo\u0142nierz Wykl\u0119ty \u2013 J\u00f3zef Franczak ps. Lalek.&nbsp; Udzia\u0142 w biegu jest \u015bwiadom\u0105 postaw\u0105 patriotyczn\u0105 wsp\u00f3\u0142czesnego pokolenia Polak\u00f3w.<\/p>\n","protected":false},"author":1,"featured_media":2936,"comment_status":"closed","ping_status":"closed","sticky":false,"template":"","format":"standard","meta":{"_acf_changed":false,"_stopmodifiedupdate":false,"_modified_date":"","footnotes":""},"categories":[130],"tags":[],"class_list":{"0":"post-2926","1":"post","2":"type-post","3":"status-publish","4":"format-standard","5":"has-post-thumbnail","7":"category-niepodlegla"},"acf":[],"_links":{"self":[{"href":"https:\/\/plater.edu.pl\/liceum\/wp-json\/wp\/v2\/posts\/2926","targetHints":{"allow":["GET"]}}],"collection":[{"href":"https:\/\/plater.edu.pl\/liceum\/wp-json\/wp\/v2\/posts"}],"about":[{"href":"https:\/\/plater.edu.pl\/liceum\/wp-json\/wp\/v2\/types\/post"}],"author":[{"embeddable":true,"href":"https:\/\/plater.edu.pl\/liceum\/wp-json\/wp\/v2\/users\/1"}],"replies":[{"embeddable":true,"href":"https:\/\/plater.edu.pl\/liceum\/wp-json\/wp\/v2\/comments?post=2926"}],"version-history":[{"count":4,"href":"https:\/\/plater.edu.pl\/liceum\/wp-json\/wp\/v2\/posts\/2926\/revisions"}],"predecessor-version":[{"id":2989,"href":"https:\/\/plater.edu.pl\/liceum\/wp-json\/wp\/v2\/posts\/2926\/revisions\/2989"}],"wp:featuredmedia":[{"embeddable":true,"href":"https:\/\/plater.edu.pl\/liceum\/wp-json\/wp\/v2\/media\/2936"}],"wp:attachment":[{"href":"https:\/\/plater.edu.pl\/liceum\/wp-json\/wp\/v2\/media?parent=2926"}],"wp:term":[{"taxonomy":"category","embeddable":true,"href":"https:\/\/plater.edu.pl\/liceum\/wp-json\/wp\/v2\/categories?post=2926"},{"taxonomy":"post_tag","embeddable":true,"href":"https:\/\/plater.edu.pl\/liceum\/wp-json\/wp\/v2\/tags?post=2926"}],"curies":[{"name":"wp","href":"https:\/\/api.w.org\/{rel}","templated":true}]}}