{"id":3163,"date":"2024-04-12T17:00:00","date_gmt":"2024-04-12T15:00:00","guid":{"rendered":"https:\/\/plater.edu.pl\/liceum\/?p=3163"},"modified":"2024-04-12T17:01:50","modified_gmt":"2024-04-12T15:01:50","slug":"plateranin-finalista-ogolnopolskiej-olimpiady-jezyka-angielskiego","status":"publish","type":"post","link":"https:\/\/plater.edu.pl\/liceum\/2024\/04\/plateranin-finalista-ogolnopolskiej-olimpiady-jezyka-angielskiego\/","title":{"rendered":"Plateranin finalist\u0105 Og\u00f3lnopolskiej Olimpiady J\u0119zyka Angielskiego"},"content":{"rendered":"\n<p>Micha\u0142 WOLSKI &#8211; ucze\u0144 klasy o profilu dwuj\u0119zycznym &#8211; FINALIST\u0104 48 Olimpiady J\u0119zyka Angielskiego<br>W dniach 22-24 marca nasz ucze\u0144 bra\u0142 udzia\u0142 w etapie centralnym Og\u00f3lnopolskiej Olimpiady J\u0119zyka<br>Angielskiego. Zawody obejmowa\u0142y test pisemny oraz cz\u0119\u015b\u0107 ustn\u0105. Podczas wszystkich etap\u00f3w<br>olimpiady Micha\u0142 wykaza\u0142 si\u0119 nie tylko znakomit\u0105 znajomo\u015bci\u0105 gramatyki i s\u0142ownictwa, ale r\u00f3wnie\u017c<br>szeroko poj\u0119t\u0105 wiedz\u0105 o kulturze kraj\u00f3w angloj\u0119zycznych i uzyska\u0142 tytu\u0142 finalisty OJA. Opiekunem<br>naukowym Micha\u0142a jest wychowawczyni klasy o profilu dwuj\u0119zycznym mgr Monika Filipek.<br>Serdecznie gratulujemy Micha\u0142owi wspania\u0142ego sukcesu<\/p>\n\n\n<div class=\"wp-block-image\">\n<figure class=\"aligncenter size-large\"><img loading=\"lazy\" decoding=\"async\" width=\"1024\" height=\"716\" src=\"https:\/\/plater.edu.pl\/liceum\/wp-content\/uploads\/2024\/04\/02-2-1024x716.jpg\" alt=\"\" class=\"wp-image-3166\" srcset=\"https:\/\/plater.edu.pl\/liceum\/wp-content\/uploads\/2024\/04\/02-2-1024x716.jpg 1024w, https:\/\/plater.edu.pl\/liceum\/wp-content\/uploads\/2024\/04\/02-2-300x210.jpg 300w, https:\/\/plater.edu.pl\/liceum\/wp-content\/uploads\/2024\/04\/02-2-768x537.jpg 768w, https:\/\/plater.edu.pl\/liceum\/wp-content\/uploads\/2024\/04\/02-2-1536x1074.jpg 1536w, https:\/\/plater.edu.pl\/liceum\/wp-content\/uploads\/2024\/04\/02-2-150x105.jpg 150w, https:\/\/plater.edu.pl\/liceum\/wp-content\/uploads\/2024\/04\/02-2-696x486.jpg 696w, https:\/\/plater.edu.pl\/liceum\/wp-content\/uploads\/2024\/04\/02-2-1068x746.jpg 1068w, https:\/\/plater.edu.pl\/liceum\/wp-content\/uploads\/2024\/04\/02-2.jpg 1900w\" sizes=\"auto, (max-width: 1024px) 100vw, 1024px\" \/><\/figure>\n<\/div>","protected":false},"excerpt":{"rendered":"<p>Micha\u0142 WOLSKI &#8211; ucze\u0144 klasy o profilu dwuj\u0119zycznym &#8211; FINALIST\u0104 48 Olimpiady J\u0119zyka AngielskiegoW dniach 22-24 marca nasz ucze\u0144 bra\u0142 udzia\u0142 w etapie centralnym Og\u00f3lnopolskiej Olimpiady J\u0119zykaAngielskiego. Zawody obejmowa\u0142y test pisemny oraz cz\u0119\u015b\u0107 ustn\u0105. Podczas wszystkich etap\u00f3wolimpiady Micha\u0142 wykaza\u0142 si\u0119 nie tylko znakomit\u0105 znajomo\u015bci\u0105 gramatyki i s\u0142ownictwa, ale r\u00f3wnie\u017cszeroko poj\u0119t\u0105 wiedz\u0105 o kulturze kraj\u00f3w angloj\u0119zycznych [&hellip;]<\/p>\n","protected":false},"author":1,"featured_media":3165,"comment_status":"closed","ping_status":"open","sticky":true,"template":"","format":"standard","meta":{"_acf_changed":false,"_stopmodifiedupdate":false,"_modified_date":"","footnotes":""},"categories":[76,59],"tags":[66],"class_list":{"0":"post-3163","1":"post","2":"type-post","3":"status-publish","4":"format-standard","5":"has-post-thumbnail","7":"category-olimpiady","8":"category-wydarzenia-szkolne","9":"tag-sukces"},"acf":[],"_links":{"self":[{"href":"https:\/\/plater.edu.pl\/liceum\/wp-json\/wp\/v2\/posts\/3163","targetHints":{"allow":["GET"]}}],"collection":[{"href":"https:\/\/plater.edu.pl\/liceum\/wp-json\/wp\/v2\/posts"}],"about":[{"href":"https:\/\/plater.edu.pl\/liceum\/wp-json\/wp\/v2\/types\/post"}],"author":[{"embeddable":true,"href":"https:\/\/plater.edu.pl\/liceum\/wp-json\/wp\/v2\/users\/1"}],"replies":[{"embeddable":true,"href":"https:\/\/plater.edu.pl\/liceum\/wp-json\/wp\/v2\/comments?post=3163"}],"version-history":[{"count":2,"href":"https:\/\/plater.edu.pl\/liceum\/wp-json\/wp\/v2\/posts\/3163\/revisions"}],"predecessor-version":[{"id":3167,"href":"https:\/\/plater.edu.pl\/liceum\/wp-json\/wp\/v2\/posts\/3163\/revisions\/3167"}],"wp:featuredmedia":[{"embeddable":true,"href":"https:\/\/plater.edu.pl\/liceum\/wp-json\/wp\/v2\/media\/3165"}],"wp:attachment":[{"href":"https:\/\/plater.edu.pl\/liceum\/wp-json\/wp\/v2\/media?parent=3163"}],"wp:term":[{"taxonomy":"category","embeddable":true,"href":"https:\/\/plater.edu.pl\/liceum\/wp-json\/wp\/v2\/categories?post=3163"},{"taxonomy":"post_tag","embeddable":true,"href":"https:\/\/plater.edu.pl\/liceum\/wp-json\/wp\/v2\/tags?post=3163"}],"curies":[{"name":"wp","href":"https:\/\/api.w.org\/{rel}","templated":true}]}}