{"id":4026,"date":"2024-08-06T00:35:41","date_gmt":"2024-08-05T22:35:41","guid":{"rendered":"https:\/\/plater.edu.pl\/liceum\/?p=4026"},"modified":"2024-08-06T00:37:36","modified_gmt":"2024-08-05T22:37:36","slug":"inauguracji-roku-szkolnego","status":"publish","type":"post","link":"https:\/\/plater.edu.pl\/liceum\/2024\/08\/inauguracji-roku-szkolnego\/","title":{"rendered":"Inauguracja roku szkolnego"},"content":{"rendered":"\n<p>Pr\u00f3ba inauguracji roku szkolnego dla uczni\u00f3w klas pierwszych odb\u0119dzie si\u0119 w dniach <strong>28 oraz 30 sierpnia o godz. 9.00<\/strong> w auli Wydzia\u0142u Nauk Przyrodniczych U\u015a przy ul. B\u0119dzi\u0144skiej 60 w Sosnowcu.\u00a0<\/p>\n\n\n\n<p>Obecno\u015b\u0107 wszystkich uczni\u00f3w klas pierwszych obowi\u0105zkowa.&nbsp;<\/p>\n\n\n\n<p>Inauguracja roku szkolnego 2024\/2025 dla uczni\u00f3w klas pierwszych odb\u0119dzie si\u0119 <strong>2 wrze\u015bnia o godz. 9.00<\/strong> w auli Wydzia\u0142u Nauk Przyrodniczych U\u015a w Sosnowcu.\u00a0<\/p>\n\n\n\n<p>Serdecznie zapraszamy na uroczysto\u015b\u0107 Rodzic\u00f3w uczni\u00f3w.<\/p>\n","protected":false},"excerpt":{"rendered":"<p>Pr\u00f3ba inauguracji roku szkolnego dla uczni\u00f3w klas pierwszych odb\u0119dzie si\u0119 w dniach 28 oraz 30 sierpnia o godz. 9.00 w auli Wydzia\u0142u Nauk Przyrodniczych U\u015a przy ul. B\u0119dzi\u0144skiej 60 w Sosnowcu.\u00a0 Obecno\u015b\u0107 wszystkich uczni\u00f3w klas pierwszych obowi\u0105zkowa.&nbsp; Inauguracja roku szkolnego 2024\/2025 dla uczni\u00f3w klas pierwszych odb\u0119dzie si\u0119 2 wrze\u015bnia o godz. 9.00 w auli Wydzia\u0142u [&hellip;]<\/p>\n","protected":false},"author":1,"featured_media":4027,"comment_status":"closed","ping_status":"open","sticky":false,"template":"","format":"standard","meta":{"_acf_changed":false,"_stopmodifiedupdate":false,"_modified_date":"","footnotes":""},"categories":[87,59],"tags":[],"class_list":{"0":"post-4026","1":"post","2":"type-post","3":"status-publish","4":"format-standard","5":"has-post-thumbnail","7":"category-informacja","8":"category-wydarzenia-szkolne"},"acf":[],"_links":{"self":[{"href":"https:\/\/plater.edu.pl\/liceum\/wp-json\/wp\/v2\/posts\/4026","targetHints":{"allow":["GET"]}}],"collection":[{"href":"https:\/\/plater.edu.pl\/liceum\/wp-json\/wp\/v2\/posts"}],"about":[{"href":"https:\/\/plater.edu.pl\/liceum\/wp-json\/wp\/v2\/types\/post"}],"author":[{"embeddable":true,"href":"https:\/\/plater.edu.pl\/liceum\/wp-json\/wp\/v2\/users\/1"}],"replies":[{"embeddable":true,"href":"https:\/\/plater.edu.pl\/liceum\/wp-json\/wp\/v2\/comments?post=4026"}],"version-history":[{"count":3,"href":"https:\/\/plater.edu.pl\/liceum\/wp-json\/wp\/v2\/posts\/4026\/revisions"}],"predecessor-version":[{"id":4030,"href":"https:\/\/plater.edu.pl\/liceum\/wp-json\/wp\/v2\/posts\/4026\/revisions\/4030"}],"wp:featuredmedia":[{"embeddable":true,"href":"https:\/\/plater.edu.pl\/liceum\/wp-json\/wp\/v2\/media\/4027"}],"wp:attachment":[{"href":"https:\/\/plater.edu.pl\/liceum\/wp-json\/wp\/v2\/media?parent=4026"}],"wp:term":[{"taxonomy":"category","embeddable":true,"href":"https:\/\/plater.edu.pl\/liceum\/wp-json\/wp\/v2\/categories?post=4026"},{"taxonomy":"post_tag","embeddable":true,"href":"https:\/\/plater.edu.pl\/liceum\/wp-json\/wp\/v2\/tags?post=4026"}],"curies":[{"name":"wp","href":"https:\/\/api.w.org\/{rel}","templated":true}]}}