{"id":4827,"date":"2024-12-05T14:12:08","date_gmt":"2024-12-05T13:12:08","guid":{"rendered":"https:\/\/plater.edu.pl\/liceum\/?p=4827"},"modified":"2024-12-05T14:12:09","modified_gmt":"2024-12-05T13:12:09","slug":"dzien-komunikacji-miedzykulturowej","status":"publish","type":"post","link":"https:\/\/plater.edu.pl\/liceum\/2024\/12\/dzien-komunikacji-miedzykulturowej\/","title":{"rendered":"Dzie\u0144 Komunikacji Mi\u0119dzykulturowej"},"content":{"rendered":"\n<p>4 grudnia 2024 mieli\u015bmy przyjemno\u015b\u0107 bra\u0107 udzia\u0142 w wyk\u0142adach z okazji 6. Dnia Komunikacji Mi\u0119dzykulturowej dotycz\u0105cych \u015bwiadomo\u015bci i znaczenia wielokulturowo\u015bci. Podczas wyk\u0142ad\u00f3w poznali\u015bmy bogactwo Maroka, jak nie parkowa\u0107 w NYC, w jaki spos\u00f3b zwraca\u0107 si\u0119 do starszych od nas os\u00f3b w Korei, a tak\u017ce jakie s\u0105 r\u00f3\u017cnice w my\u015bleniu cz\u0142owieka zachodniego i wschodniego. Wyk\u0142ady by\u0142y przeprowadzone mi\u0119dzy innymi przez Hassna Ezzara prezesk\u0119 Polsko-Maroka\u0144skiej Fundacji \u201eArgan\u201d, Cedrika Auriol Tiako Tima, dr Cecyli\u0119 Tatoj, dr Chang Il You, dr hab. Ireneusza Kid\u0119, prof. U\u015a, oraz dr hab. Paw\u0142a J\u0119drzejko, prof. U\u015a.<br>Dodatkowo uczniowie zostali zach\u0119ceni do studiowania na Uniwersytecie \u015al\u0105skim, a w szczeg\u00f3lno\u015bci na Wydziale Humanistycznym, aby pog\u0142\u0119bia\u0107 znajomo\u015b\u0107 j\u0119zyk\u00f3w obcych. Przestawione zosta\u0142y zalety Uniwersytetu oraz mo\u017cliwo\u015bci jakie oferuje.<\/p>\n\n\n<style type=\"text\/css\">\r\n\t#foogallery-gallery-4819 .fg-image {\r\n        width: 150px;\r\n    }\r\n<\/style>\r\n\t\t\t\t<div class=\"foogallery foogallery-container foogallery-default foogallery-lightbox-foogallery fg-gutter-10 fg-center fg-default fg-light fg-border-thin fg-shadow-outline fg-loading-default fg-loaded-fade-in fg-caption-hover fg-hover-fade fg-hover-zoom fg-ready\" id=\"foogallery-gallery-4819\" data-foogallery=\"{&quot;item&quot;:{&quot;showCaptionTitle&quot;:true,&quot;showCaptionDescription&quot;:true},&quot;lazy&quot;:true}\" data-foogallery-lightbox=\"{&quot;thumbs&quot;:&quot;bottom&quot;,&quot;thumbsCaptions&quot;:false,&quot;thumbsBestFit&quot;:false,&quot;thumbsSmall&quot;:false,&quot;thumbsCaptionsAlign&quot;:&quot;default&quot;,&quot;info&quot;:&quot;bottom&quot;,&quot;infoVisible&quot;:true,&quot;infoOverlay&quot;:true,&quot;infoAlign&quot;:&quot;default&quot;,&quot;transition&quot;:&quot;fade&quot;,&quot;hoverButtons&quot;:false,&quot;fitMedia&quot;:false,&quot;noScrollbars&quot;:true,&quot;preserveButtonSpace&quot;:true,&quot;buttons&quot;:{&quot;fullscreen&quot;:true,&quot;info&quot;:true,&quot;thumbs&quot;:false},&quot;video&quot;:{&quot;autoPlay&quot;:true}}\" >\r\n\t<div class=\"fg-item fg-type-image fg-idle\"><figure class=\"fg-item-inner\"><a href=\"https:\/\/plater.edu.pl\/liceum\/wp-content\/uploads\/2024\/12\/Dzien_kom_miedz_1.jpeg\" data-attachment-id=\"4821\" data-type=\"image\" class=\"fg-thumb\"><span class=\"fg-image-wrap\"><img decoding=\"async\" width=\"150\" height=\"150\" class=\"skip-lazy fg-image\" data-src-fg=\"https:\/\/plater.edu.pl\/liceum\/wp-content\/uploads\/cache\/2024\/12\/Dzien_kom_miedz_1\/1299187759.jpeg\" src=\"data:image\/svg+xml,%3Csvg%20xmlns%3D%22http%3A%2F%2Fwww.w3.org%2F2000%2Fsvg%22%20width%3D%22150%22%20height%3D%22150%22%20viewBox%3D%220%200%20150%20150%22%3E%3C%2Fsvg%3E\" loading=\"eager\"><\/span><span class=\"fg-image-overlay\"><\/span><\/a><figcaption class=\"fg-caption\"><div class=\"fg-caption-inner\"><\/div><\/figcaption><\/figure><div class=\"fg-loader\"><\/div><\/div><div class=\"fg-item fg-type-image fg-idle\"><figure class=\"fg-item-inner\"><a href=\"https:\/\/plater.edu.pl\/liceum\/wp-content\/uploads\/2024\/12\/Dzien_kom_miedz_2-scaled.jpeg\" data-attachment-id=\"4822\" data-type=\"image\" class=\"fg-thumb\"><span class=\"fg-image-wrap\"><img decoding=\"async\" width=\"150\" height=\"150\" class=\"skip-lazy fg-image\" data-src-fg=\"https:\/\/plater.edu.pl\/liceum\/wp-content\/uploads\/cache\/2024\/12\/Dzien_kom_miedz_2-scaled\/3739394479.jpeg\" src=\"data:image\/svg+xml,%3Csvg%20xmlns%3D%22http%3A%2F%2Fwww.w3.org%2F2000%2Fsvg%22%20width%3D%22150%22%20height%3D%22150%22%20viewBox%3D%220%200%20150%20150%22%3E%3C%2Fsvg%3E\" loading=\"eager\"><\/span><span class=\"fg-image-overlay\"><\/span><\/a><figcaption class=\"fg-caption\"><div class=\"fg-caption-inner\"><\/div><\/figcaption><\/figure><div class=\"fg-loader\"><\/div><\/div><div class=\"fg-item fg-type-image fg-idle\"><figure class=\"fg-item-inner\"><a href=\"https:\/\/plater.edu.pl\/liceum\/wp-content\/uploads\/2024\/12\/Dzien_kom_miedz_3-1-scaled.jpeg\" data-attachment-id=\"4823\" data-type=\"image\" class=\"fg-thumb\"><span class=\"fg-image-wrap\"><img decoding=\"async\" width=\"150\" height=\"150\" class=\"skip-lazy fg-image\" data-src-fg=\"https:\/\/plater.edu.pl\/liceum\/wp-content\/uploads\/cache\/2024\/12\/Dzien_kom_miedz_3-1-scaled\/4278433593.jpeg\" src=\"data:image\/svg+xml,%3Csvg%20xmlns%3D%22http%3A%2F%2Fwww.w3.org%2F2000%2Fsvg%22%20width%3D%22150%22%20height%3D%22150%22%20viewBox%3D%220%200%20150%20150%22%3E%3C%2Fsvg%3E\" loading=\"eager\"><\/span><span class=\"fg-image-overlay\"><\/span><\/a><figcaption class=\"fg-caption\"><div class=\"fg-caption-inner\"><\/div><\/figcaption><\/figure><div class=\"fg-loader\"><\/div><\/div><div class=\"fg-item fg-type-image fg-idle\"><figure class=\"fg-item-inner\"><a href=\"https:\/\/plater.edu.pl\/liceum\/wp-content\/uploads\/2024\/12\/Dzien_kom_miedz_4-scaled.jpeg\" data-attachment-id=\"4824\" data-type=\"image\" class=\"fg-thumb\"><span class=\"fg-image-wrap\"><img decoding=\"async\" width=\"150\" height=\"150\" class=\"skip-lazy fg-image\" data-src-fg=\"https:\/\/plater.edu.pl\/liceum\/wp-content\/uploads\/cache\/2024\/12\/Dzien_kom_miedz_4-scaled\/1853263901.jpeg\" src=\"data:image\/svg+xml,%3Csvg%20xmlns%3D%22http%3A%2F%2Fwww.w3.org%2F2000%2Fsvg%22%20width%3D%22150%22%20height%3D%22150%22%20viewBox%3D%220%200%20150%20150%22%3E%3C%2Fsvg%3E\" loading=\"eager\"><\/span><span class=\"fg-image-overlay\"><\/span><\/a><figcaption class=\"fg-caption\"><div class=\"fg-caption-inner\"><\/div><\/figcaption><\/figure><div class=\"fg-loader\"><\/div><\/div><div class=\"fg-item fg-type-image fg-idle\"><figure class=\"fg-item-inner\"><a href=\"https:\/\/plater.edu.pl\/liceum\/wp-content\/uploads\/2024\/12\/Dzien_kom_miedz_5-scaled.jpeg\" data-attachment-id=\"4825\" data-type=\"image\" class=\"fg-thumb\"><span class=\"fg-image-wrap\"><img decoding=\"async\" width=\"150\" height=\"150\" class=\"skip-lazy fg-image\" data-src-fg=\"https:\/\/plater.edu.pl\/liceum\/wp-content\/uploads\/cache\/2024\/12\/Dzien_kom_miedz_5-scaled\/4016072085.jpeg\" src=\"data:image\/svg+xml,%3Csvg%20xmlns%3D%22http%3A%2F%2Fwww.w3.org%2F2000%2Fsvg%22%20width%3D%22150%22%20height%3D%22150%22%20viewBox%3D%220%200%20150%20150%22%3E%3C%2Fsvg%3E\" loading=\"eager\"><\/span><span class=\"fg-image-overlay\"><\/span><\/a><figcaption class=\"fg-caption\"><div class=\"fg-caption-inner\"><\/div><\/figcaption><\/figure><div class=\"fg-loader\"><\/div><\/div><\/div>\r\n\n","protected":false},"excerpt":{"rendered":"<p>4 grudnia 2024 mieli\u015bmy przyjemno\u015b\u0107 bra\u0107 udzia\u0142 w wyk\u0142adach z okazji 6. Dnia Komunikacji Mi\u0119dzykulturowej dotycz\u0105cych \u015bwiadomo\u015bci i znaczenia wielokulturowo\u015bci. Podczas wyk\u0142ad\u00f3w poznali\u015bmy bogactwo Maroka, jak nie parkowa\u0107 w NYC, w jaki spos\u00f3b zwraca\u0107 si\u0119 do starszych od nas os\u00f3b w Korei, a tak\u017ce jakie s\u0105 r\u00f3\u017cnice w my\u015bleniu cz\u0142owieka zachodniego i wschodniego. Wyk\u0142ady by\u0142y [&hellip;]<\/p>\n","protected":false},"author":4,"featured_media":4821,"comment_status":"closed","ping_status":"open","sticky":false,"template":"","format":"standard","meta":{"_acf_changed":false,"_stopmodifiedupdate":false,"_modified_date":"","footnotes":""},"categories":[80,79],"tags":[],"class_list":{"0":"post-4827","1":"post","2":"type-post","3":"status-publish","4":"format-standard","5":"has-post-thumbnail","7":"category-spotkania","8":"category-wydarzenia"},"acf":[],"_links":{"self":[{"href":"https:\/\/plater.edu.pl\/liceum\/wp-json\/wp\/v2\/posts\/4827","targetHints":{"allow":["GET"]}}],"collection":[{"href":"https:\/\/plater.edu.pl\/liceum\/wp-json\/wp\/v2\/posts"}],"about":[{"href":"https:\/\/plater.edu.pl\/liceum\/wp-json\/wp\/v2\/types\/post"}],"author":[{"embeddable":true,"href":"https:\/\/plater.edu.pl\/liceum\/wp-json\/wp\/v2\/users\/4"}],"replies":[{"embeddable":true,"href":"https:\/\/plater.edu.pl\/liceum\/wp-json\/wp\/v2\/comments?post=4827"}],"version-history":[{"count":1,"href":"https:\/\/plater.edu.pl\/liceum\/wp-json\/wp\/v2\/posts\/4827\/revisions"}],"predecessor-version":[{"id":4828,"href":"https:\/\/plater.edu.pl\/liceum\/wp-json\/wp\/v2\/posts\/4827\/revisions\/4828"}],"wp:featuredmedia":[{"embeddable":true,"href":"https:\/\/plater.edu.pl\/liceum\/wp-json\/wp\/v2\/media\/4821"}],"wp:attachment":[{"href":"https:\/\/plater.edu.pl\/liceum\/wp-json\/wp\/v2\/media?parent=4827"}],"wp:term":[{"taxonomy":"category","embeddable":true,"href":"https:\/\/plater.edu.pl\/liceum\/wp-json\/wp\/v2\/categories?post=4827"},{"taxonomy":"post_tag","embeddable":true,"href":"https:\/\/plater.edu.pl\/liceum\/wp-json\/wp\/v2\/tags?post=4827"}],"curies":[{"name":"wp","href":"https:\/\/api.w.org\/{rel}","templated":true}]}}