{"id":5145,"date":"2025-03-12T09:28:29","date_gmt":"2025-03-12T08:28:29","guid":{"rendered":"https:\/\/plater.edu.pl\/liceum\/?p=5145"},"modified":"2025-05-29T11:05:22","modified_gmt":"2025-05-29T09:05:22","slug":"konkurs-recytatorski-dla-uczniow-szkol-podstawowych","status":"publish","type":"post","link":"https:\/\/plater.edu.pl\/liceum\/2025\/03\/konkurs-recytatorski-dla-uczniow-szkol-podstawowych\/","title":{"rendered":"Konkurs recytatorski dla uczni\u00f3w szk\u00f3\u0142 podstawowych"},"content":{"rendered":"\n<p><strong>I. ORGANIZATOR<\/strong><\/p>\n\n\n\n<ol class=\"wp-block-list\">\n<li>Organizatorem Konkursu Recytatorskiego \u00a0jest II Liceum Og\u00f3lnokszta\u0142c\u0105ce \u00a0z Oddzia\u0142ami Dwuj\u0119zycznymi im. Emilii Plater w Sosnowcu, ul. Parkowa 1, 41 &#8211; 200 Sosnowiec,telefon 32 266-45-35, e-mail konkursu:\u00a0<a href=\"mailto:ematysek@plater.edu.pl\"><strong>ematysek@plater.edu.pl<\/strong><\/a><\/li>\n\n\n\n<li>Osobami odpowiedzialnymi merytorycznie za<strong>\u00a0Konkurs<\/strong>\u00a0s\u0105 nauczyciele: Ewa Matysek, Katarzyna Reszel &#8211; \u0141ago\u0144, Krzysztof Korzeniowski.<\/li>\n<\/ol>\n\n\n\n<p><strong>II. CELE KONKURSU<\/strong><\/p>\n\n\n\n<ol class=\"wp-block-list\">\n<li>Wspieranie oraz promocja tw\u00f3rczo\u015bci artystycznej\u00a0 m\u0142odzie\u017cy.<\/li>\n\n\n\n<li>Rozwijanie wra\u017cliwo\u015bci na s\u0142owo poetyckie.<\/li>\n\n\n\n<li>Wspieranie uzdolnie\u0144 i pomoc w rozwijaniu zainteresowa\u0144 uczniowskich.<\/li>\n\n\n\n<li>Upowszechnianie kultury \u017cywego s\u0142owa w\u015br\u00f3d m\u0142odzie\u017cy.<\/li>\n\n\n\n<li>Propagowanie systemu warto\u015bci.<\/li>\n\n\n\n<li>Kszta\u0142towanie wra\u017cliwo\u015bci na pi\u0119kno ojczystego j\u0119zyka i kultury s\u0142owa.<\/li>\n<\/ol>\n\n\n\n<p><strong>III. ZASADY I WARUNKI UCZESTNICTWA<\/strong><\/p>\n\n\n\n<ol class=\"wp-block-list\">\n<li>Konkurs skierowany jest do uczni\u00f3w <strong>klas si\u00f3dmych i \u00f3smych szk\u00f3\u0142 podstawowych <\/strong>z terenu miasta Sosnowca, B\u0119dzina, D\u0105browy G\u00f3rniczej, Czeladzi.<\/li>\n\n\n\n<li>Warunkiem uczestnictwa w Konkursie jest przygotowanie recytacji wybranego utworu zgodnie z wymogami regulaminowymi.<\/li>\n\n\n\n<li>Maksymalny czas recytacji \u2013 do 5 minut<strong>.<\/strong><\/li>\n\n\n\n<li>Konkurs Recytatorski odb\u0119dzie si\u0119 <strong>3 kwietnia 2025 r. o godzinie 9.00 <\/strong>w auli LO im. Emilii Plater w Sosnowcu, ul. Parkowa 1. Zg\u0142oszenia uczestnik\u00f3w nale\u017cy wys\u0142a\u0107 drog\u0105 mailow\u0105 na adres:\u00a0<a href=\"mailto:ematysek@plater.edu.pl\"><strong>ematysek@plater.edu.pl<\/strong><\/a> <strong>do dnia 28 marca \u00a02025 r.<\/strong> W polu tytu\u0142u wiadomo\u015bci nale\u017cy wpisa\u0107: <strong>Konkurs Recytatorski.<\/strong><\/li>\n\n\n\n<li>Ka\u017cda praca powinna zawiera\u0107: imi\u0119 i nazwisko autora oraz kart\u0119 uczestnika konkursu<\/li>\n<\/ol>\n\n\n\n<p>&nbsp;( za\u0142\u0105cznik 1 ).<\/p>\n\n\n\n<ul class=\"wp-block-list\">\n<li>Ka\u017cdy nauczyciel mo\u017ce zg\u0142osi\u0107 do 5 uczni\u00f3w.<\/li>\n<\/ul>\n\n\n\n<p><strong>III. WYMOGI REPERTUAROWE ( do wyboru )<\/strong><\/p>\n\n\n\n<p><strong>Temat przewodni konkursu : \u201eMoja hierarchia warto\u015bci\u201d.<\/strong><\/p>\n\n\n\n<ul class=\"wp-block-list\">\n<li><strong>RECYTACJA<\/strong><\/li>\n<\/ul>\n\n\n\n<p>Recytacja jednego utworu poetyckiego lub fragmentu prozy &#8211; do <strong>5 minut<\/strong>.<\/p>\n\n\n\n<ul class=\"wp-block-list\">\n<li><strong>WYWIEDZIONE ZE S\u0141OWA<\/strong><\/li>\n<\/ul>\n\n\n\n<p>Repertuar&nbsp; dowolny&nbsp; (wiersz&nbsp; lub&nbsp; jego&nbsp; fragment, monolog&nbsp; literacki,&nbsp; collage&nbsp; tekst\u00f3w).<\/p>\n\n\n\n<p>Dowolna&nbsp; forma&nbsp; prezentacji&nbsp; (teatr&nbsp; jednego&nbsp; wiersza,&nbsp; \u0142\u0105czenie s\u0142owa m\u00f3wionego &nbsp;ze&nbsp; \u015bpiewem, &nbsp;&nbsp;&nbsp;&nbsp;&nbsp;&nbsp;&nbsp;&nbsp;&nbsp;&nbsp;&nbsp;&nbsp;&nbsp;&nbsp;&nbsp;&nbsp;z d\u017awi\u0119kiem, ruchem, rekwizytem) \u2013 ca\u0142kowity czas prezentacji <strong>do 5 minut.<\/strong><\/p>\n\n\n\n<ul class=\"wp-block-list\">\n<li><strong>POEZJA \u015aPIEWANA\u00a0<\/strong><\/li>\n<\/ul>\n\n\n\n<p>Wykonawc\u0105&nbsp; jest&nbsp; solista;&nbsp; repertuar&nbsp; obejmuje 1 utw\u00f3r \u015bpiewany.<\/p>\n\n\n\n<p>W&nbsp; ramach&nbsp; repertuaru&nbsp; recytowanego wykonywane mog\u0105 by\u0107 wiersze, kt\u00f3re zosta\u0142y opublikowane w ksi\u0105\u017ckach lub prasie literackiej, a tak\u017ce napisane przez wykonawc\u0119.<\/p>\n\n\n\n<p>\u0141\u0105czny czas&nbsp; ich wykonania&nbsp; nie mo\u017ce przekroczy\u0107 <strong>5 minut.<\/strong><\/p>\n\n\n\n<p>Piosenka mo\u017ce by\u0107 wykonana a\u2019 cappella, z podk\u0142adem muzycznym, z towarzyszeniem akompaniamentu.<\/p>\n\n\n\n<p><strong>IV. ROZSTRZYGNI\u0118CIE KONKURSU<\/strong><\/p>\n\n\n\n<ol class=\"wp-block-list\">\n<li>Kryterium oceny prac:\n<ul class=\"wp-block-list\">\n<li>dob\u00f3r repertuaru (warto\u015bci artystyczne utwor\u00f3w, ich dob\u00f3r do mo\u017cliwo\u015bci wykonawczych uczestnika oraz wieku),<\/li>\n\n\n\n<li>interpretacj\u0119 utworu (odkrywcza, zaskakuj\u0105ca, oryginalna, konsekwentna),<\/li>\n\n\n\n<li>kultur\u0119 s\u0142owa (dykcja oraz emisja g\u0142osu),<\/li>\n\n\n\n<li>poprawne i p\u0142ynne deklamowanie,<\/li>\n\n\n\n<li>\u015bwiadomie u\u017cywanych \u015brodk\u00f3w ekspresji w interpretacji tekstu,<\/li>\n\n\n\n<li>og\u00f3lne wra\u017cenie artystyczne.<\/li>\n<\/ul>\n<\/li>\n\n\n\n<li>Wyniki konkursu zostan\u0105 umieszczone na stronie internetowej stronie internetowej szko\u0142y:\u00a0<a href=\"mailto:loplater@wp.pl\">loplater@wp.pl<\/a> oraz facebooku szko\u0142y do 7 \u00a0kwietnia 2025 r.<\/li>\n\n\n\n<li>Laureaci konkursu zostan\u0105 zaproszeni na rozdanie nagr\u00f3d w wyznaczonym terminie.<\/li>\n<\/ol>\n\n\n\n<p><strong>V. UWAGI DODATKOWE<\/strong><\/p>\n\n\n\n<ol class=\"wp-block-list\">\n<li>Zg\u0142oszenie uczestnictwa w Konkursie jest jednoznaczne z przyj\u0119ciem warunk\u00f3w niniejszego Regulaminu.<\/li>\n\n\n\n<li>Organizator zastrzega sobie prawo wprowadzenia zmian w regulaminie Konkursu.<\/li>\n<\/ol>\n\n\n\n<div data-wp-interactive=\"core\/file\" class=\"wp-block-file\"><object data-wp-bind--hidden=\"!state.hasPdfPreview\" hidden class=\"wp-block-file__embed\" data=\"https:\/\/plater.edu.pl\/liceum\/wp-content\/uploads\/2025\/03\/Konkurs_Recytatorski_2025_zal_1.pdf\" type=\"application\/pdf\" style=\"width:100%;height:600px\" aria-label=\"Osadzone z Konkurs_Recytatorski_2025_zal_1.\"><\/object><a id=\"wp-block-file--media-84b6cde5-0ab0-4b72-89b4-f31a737ddf9d\" href=\"https:\/\/plater.edu.pl\/liceum\/wp-content\/uploads\/2025\/03\/Konkurs_Recytatorski_2025_zal_1.pdf\">Konkurs_Recytatorski_2025_zal_1<\/a><a href=\"https:\/\/plater.edu.pl\/liceum\/wp-content\/uploads\/2025\/03\/Konkurs_Recytatorski_2025_zal_1.pdf\" class=\"wp-block-file__button wp-element-button\" download aria-describedby=\"wp-block-file--media-84b6cde5-0ab0-4b72-89b4-f31a737ddf9d\">Pobierz<\/a><\/div>\n","protected":false},"excerpt":{"rendered":"<p>I. ORGANIZATOR II. CELE KONKURSU III. ZASADY I WARUNKI UCZESTNICTWA &nbsp;( za\u0142\u0105cznik 1 ). III. WYMOGI REPERTUAROWE ( do wyboru ) Temat przewodni konkursu : \u201eMoja hierarchia warto\u015bci\u201d. Recytacja jednego utworu poetyckiego lub fragmentu prozy &#8211; do 5 minut. Repertuar&nbsp; dowolny&nbsp; (wiersz&nbsp; lub&nbsp; jego&nbsp; fragment, monolog&nbsp; literacki,&nbsp; collage&nbsp; tekst\u00f3w). Dowolna&nbsp; forma&nbsp; prezentacji&nbsp; (teatr&nbsp; jednego&nbsp; wiersza,&nbsp; [&hellip;]<\/p>\n","protected":false},"author":4,"featured_media":5150,"comment_status":"closed","ping_status":"open","sticky":false,"template":"","format":"standard","meta":{"_acf_changed":false,"_stopmodifiedupdate":false,"_modified_date":"","footnotes":""},"categories":[147,79],"tags":[],"class_list":{"0":"post-5145","1":"post","2":"type-post","3":"status-publish","4":"format-standard","5":"has-post-thumbnail","7":"category-konkurs-recytatorski","8":"category-wydarzenia"},"acf":[],"_links":{"self":[{"href":"https:\/\/plater.edu.pl\/liceum\/wp-json\/wp\/v2\/posts\/5145","targetHints":{"allow":["GET"]}}],"collection":[{"href":"https:\/\/plater.edu.pl\/liceum\/wp-json\/wp\/v2\/posts"}],"about":[{"href":"https:\/\/plater.edu.pl\/liceum\/wp-json\/wp\/v2\/types\/post"}],"author":[{"embeddable":true,"href":"https:\/\/plater.edu.pl\/liceum\/wp-json\/wp\/v2\/users\/4"}],"replies":[{"embeddable":true,"href":"https:\/\/plater.edu.pl\/liceum\/wp-json\/wp\/v2\/comments?post=5145"}],"version-history":[{"count":2,"href":"https:\/\/plater.edu.pl\/liceum\/wp-json\/wp\/v2\/posts\/5145\/revisions"}],"predecessor-version":[{"id":5149,"href":"https:\/\/plater.edu.pl\/liceum\/wp-json\/wp\/v2\/posts\/5145\/revisions\/5149"}],"wp:featuredmedia":[{"embeddable":true,"href":"https:\/\/plater.edu.pl\/liceum\/wp-json\/wp\/v2\/media\/5150"}],"wp:attachment":[{"href":"https:\/\/plater.edu.pl\/liceum\/wp-json\/wp\/v2\/media?parent=5145"}],"wp:term":[{"taxonomy":"category","embeddable":true,"href":"https:\/\/plater.edu.pl\/liceum\/wp-json\/wp\/v2\/categories?post=5145"},{"taxonomy":"post_tag","embeddable":true,"href":"https:\/\/plater.edu.pl\/liceum\/wp-json\/wp\/v2\/tags?post=5145"}],"curies":[{"name":"wp","href":"https:\/\/api.w.org\/{rel}","templated":true}]}}