{"id":5559,"date":"2025-04-10T09:34:00","date_gmt":"2025-04-10T07:34:00","guid":{"rendered":"https:\/\/plater.edu.pl\/liceum\/?p=5559"},"modified":"2025-05-29T11:07:49","modified_gmt":"2025-05-29T09:07:49","slug":"wyniki-miedzyszkolnego-konkursu-recytatorskiego-moja-hierarchia-wartosci","status":"publish","type":"post","link":"https:\/\/plater.edu.pl\/liceum\/2025\/04\/wyniki-miedzyszkolnego-konkursu-recytatorskiego-moja-hierarchia-wartosci\/","title":{"rendered":"Wyniki Mi\u0119dzyszkolnego Konkursu Recytatorskiego \u201eMoja hierarchia warto\u015bci\u201d"},"content":{"rendered":"\n<p>Z przyjemno\u015bci\u0105 og\u0142aszamy wyniki Mi\u0119dzyszkolnego Konkursu Recytatorskiego \u201eMoja hierarchia warto\u015bci\u201d zorganizowanego przez nasze Liceum dla uczni\u00f3w i uczennic klas si\u00f3dmych i \u00f3smych szk\u00f3\u0142 podstawowych.<\/p>\n\n\n\n<p>Poziom przygotowanych recytacji by\u0142 bardzo wysoki. M\u0142odzi ludzie z zaanga\u017cowaniem recytowali utwory wierszowane i prozatorskie, wykonywali poezj\u0119 \u015bpiewan\u0105 czy interpretowali utwory w kategorii wywiedzione ze s\u0142owa. Wszystkim uczestnikom oraz ich opiekunom serdecznie dzi\u0119kujemy. Laureaci oraz ich opiekunowie zostan\u0105 zaproszeni na uroczyst\u0105 gal\u0119, podczas kt\u00f3rej zostan\u0105 wr\u0119czone dyplomy oraz nagrody. O terminie powiadomimy zainteresowanych drog\u0105 mailow\u0105.<\/p>\n\n\n\n<p>A oto wyniki konkursu. Serdeczne gratulacje!<\/p>\n\n\n\n<p><strong>Kategoria \u2013 recytacja<\/strong><\/p>\n\n\n\n<p>I miejsce EMILIA KWIECIE\u0143, SP 13 B\u0119dzin, opiekun: mgr Renata Tabi\u015b<\/p>\n\n\n\n<p>I miejsce WOJCIECH OLENDER, SP 1 Czelad\u017a, opiekun: mgr Bo\u017cena Kowalik<\/p>\n\n\n\n<p>II miejsce MICHALINA TAMBOR, SP 6 Sosnowiec, opiekun: mgr Agnieszka Ubowska<\/p>\n\n\n\n<p>II miejsce SZYMON MICHALSKI, SP 1 Czelad\u017a, opiekun: Agata Grabowska &#8211; Maj<\/p>\n\n\n\n<p>III miejsce EMILIA KEMPA, SP 45, opiekun: mgr Katarzyna Kukla<\/p>\n\n\n\n<p>Wyr\u00f3\u017cnienia<\/p>\n\n\n\n<p>ANASTAZJA LESHCHUK, SP 22 Sosnowiec, opiekun: mgr Sebastian Sowa<\/p>\n\n\n\n<p>IZABELA KMIE\u0106, SP 6 Sosnowiec, opiekun: mgr Agnieszka Ubowska<\/p>\n\n\n\n<p>SONIA WO\u0179NICZKA, SP 9 Sosnowiec, opiekun: Aleksandra Wo\u017aniak<\/p>\n\n\n\n<p>LENA LENARCIK, SP 9 Sosnowiec, opiekun: mgr Aleksandra Wo\u017aniak<\/p>\n\n\n\n<p><strong>Kategoria \u2013 poezja \u015bpiewana<\/strong><\/p>\n\n\n\n<p>I miejsce &nbsp;MAJA KOSMALA, SP \u201eAtena\u201d Sosnowiec, opiekun: mgr Katarzyna S\u0142owi\u0144ska &#8211; Wo\u0142oszczuk<\/p>\n\n\n\n<p>II miejsce&nbsp; JULIA \u015aRODA \u2013 SP 13 B\u0119dzin, opiekun: mgr El\u017cbieta Bugajska<\/p>\n\n\n\n<p><strong>Kategoria \u2013 wywiedzione ze s\u0142owa<\/strong><\/p>\n\n\n\n<p>Wyr\u00f3\u017cnienie \u2013 DOMINIKA BINDAS, SP 13 B\u0119dzin, opiekun: mgr El\u017cbieta Bugajska<\/p>\n\n\n<div class=\"wp-block-image\">\n<figure class=\"aligncenter size-large\"><img loading=\"lazy\" decoding=\"async\" width=\"1024\" height=\"487\" src=\"https:\/\/plater.edu.pl\/liceum\/wp-content\/uploads\/2025\/04\/Konkurs-recytatorski-1024x487.jpg\" alt=\"\" class=\"wp-image-5560\" srcset=\"https:\/\/plater.edu.pl\/liceum\/wp-content\/uploads\/2025\/04\/Konkurs-recytatorski-1024x487.jpg 1024w, https:\/\/plater.edu.pl\/liceum\/wp-content\/uploads\/2025\/04\/Konkurs-recytatorski-300x143.jpg 300w, https:\/\/plater.edu.pl\/liceum\/wp-content\/uploads\/2025\/04\/Konkurs-recytatorski-768x366.jpg 768w, https:\/\/plater.edu.pl\/liceum\/wp-content\/uploads\/2025\/04\/Konkurs-recytatorski-1536x731.jpg 1536w, https:\/\/plater.edu.pl\/liceum\/wp-content\/uploads\/2025\/04\/Konkurs-recytatorski-2048x975.jpg 2048w, https:\/\/plater.edu.pl\/liceum\/wp-content\/uploads\/2025\/04\/Konkurs-recytatorski-150x71.jpg 150w, https:\/\/plater.edu.pl\/liceum\/wp-content\/uploads\/2025\/04\/Konkurs-recytatorski-696x331.jpg 696w, https:\/\/plater.edu.pl\/liceum\/wp-content\/uploads\/2025\/04\/Konkurs-recytatorski-1068x508.jpg 1068w, https:\/\/plater.edu.pl\/liceum\/wp-content\/uploads\/2025\/04\/Konkurs-recytatorski-1920x914.jpg 1920w\" sizes=\"auto, (max-width: 1024px) 100vw, 1024px\" \/><\/figure>\n<\/div>","protected":false},"excerpt":{"rendered":"<p>Z przyjemno\u015bci\u0105 og\u0142aszamy wyniki Mi\u0119dzyszkolnego Konkursu Recytatorskiego \u201eMoja hierarchia warto\u015bci\u201d zorganizowanego przez nasze Liceum dla uczni\u00f3w i uczennic klas si\u00f3dmych i \u00f3smych szk\u00f3\u0142 podstawowych. Poziom przygotowanych recytacji by\u0142 bardzo wysoki. M\u0142odzi ludzie z zaanga\u017cowaniem recytowali utwory wierszowane i prozatorskie, wykonywali poezj\u0119 \u015bpiewan\u0105 czy interpretowali utwory w kategorii wywiedzione ze s\u0142owa. Wszystkim uczestnikom oraz ich opiekunom [&hellip;]<\/p>\n","protected":false},"author":4,"featured_media":5560,"comment_status":"closed","ping_status":"open","sticky":false,"template":"","format":"standard","meta":{"_acf_changed":false,"_stopmodifiedupdate":false,"_modified_date":"","footnotes":""},"categories":[147,79],"tags":[],"class_list":{"0":"post-5559","1":"post","2":"type-post","3":"status-publish","4":"format-standard","5":"has-post-thumbnail","7":"category-konkurs-recytatorski","8":"category-wydarzenia"},"acf":[],"_links":{"self":[{"href":"https:\/\/plater.edu.pl\/liceum\/wp-json\/wp\/v2\/posts\/5559","targetHints":{"allow":["GET"]}}],"collection":[{"href":"https:\/\/plater.edu.pl\/liceum\/wp-json\/wp\/v2\/posts"}],"about":[{"href":"https:\/\/plater.edu.pl\/liceum\/wp-json\/wp\/v2\/types\/post"}],"author":[{"embeddable":true,"href":"https:\/\/plater.edu.pl\/liceum\/wp-json\/wp\/v2\/users\/4"}],"replies":[{"embeddable":true,"href":"https:\/\/plater.edu.pl\/liceum\/wp-json\/wp\/v2\/comments?post=5559"}],"version-history":[{"count":1,"href":"https:\/\/plater.edu.pl\/liceum\/wp-json\/wp\/v2\/posts\/5559\/revisions"}],"predecessor-version":[{"id":5561,"href":"https:\/\/plater.edu.pl\/liceum\/wp-json\/wp\/v2\/posts\/5559\/revisions\/5561"}],"wp:featuredmedia":[{"embeddable":true,"href":"https:\/\/plater.edu.pl\/liceum\/wp-json\/wp\/v2\/media\/5560"}],"wp:attachment":[{"href":"https:\/\/plater.edu.pl\/liceum\/wp-json\/wp\/v2\/media?parent=5559"}],"wp:term":[{"taxonomy":"category","embeddable":true,"href":"https:\/\/plater.edu.pl\/liceum\/wp-json\/wp\/v2\/categories?post=5559"},{"taxonomy":"post_tag","embeddable":true,"href":"https:\/\/plater.edu.pl\/liceum\/wp-json\/wp\/v2\/tags?post=5559"}],"curies":[{"name":"wp","href":"https:\/\/api.w.org\/{rel}","templated":true}]}}