{"id":5791,"date":"2025-05-19T12:13:49","date_gmt":"2025-05-19T10:13:49","guid":{"rendered":"https:\/\/plater.edu.pl\/liceum\/?p=5791"},"modified":"2025-05-19T12:13:51","modified_gmt":"2025-05-19T10:13:51","slug":"emiliada-2025","status":"publish","type":"post","link":"https:\/\/plater.edu.pl\/liceum\/2025\/05\/emiliada-2025\/","title":{"rendered":"Emiliada 2025"},"content":{"rendered":"\n<p>11 kwietnia 2025 roku w murach naszego liceum odby\u0142a si\u0119 XXX edycja Wojew\u00f3dzkiego Konkursu z Przedmiot\u00f3w Przyrodniczych dla Uczni\u00f3w Szk\u00f3\u0142 Podstawowych &#8222;Emiliada&#8221;.<\/p>\n\n\n\n<p>12 dru\u017cyn z Sosnowca, D\u0105browy G\u00f3rniczej, B\u0119dzina i Katowic rozwi\u0105zywa\u0142o zadania praktyczne i teoretyczne z chemii, biologii, geografii oraz fizyki. Gratulujemy wiedzy i wytrwa\u0142o\u015bci wszystkim dru\u017cynom! Oto zwyci\u0119zcy tegorocznej edycji:<\/p>\n\n\n\n<p>I miejsce dru\u017cyna ze Szko\u0142y Podstawowej nr 21 w Sosnowcu w sk\u0142adzie: Joanna Banaszek, Anna Kokot, Szymon Pucha\u0142a<\/p>\n\n\n\n<p>II miejsce dru\u017cyna ze Szko\u0142y Podstawowej nr 46 w Sosnowcu w sk\u0142adzie: Julianna Tomaszewska, Wiktoria Badura, Pola Wawrzak.<\/p>\n\n\n\n<p>III miejsce dru\u017cyna ze Szko\u0142y Podstawowej nr 19 w Sosnowcu w sk\u0142adzie: Jagoda Sikorska, Adam \u015aladowski, Michalina Strzy\u017cewska.<\/p>\n\n\n\n<p>Zwyci\u0119zc\u00f3w zapraszamy na uroczyste wr\u0119czenia nagr\u00f3d. O terminie uroczystej \u201eGali Zwyci\u0119zc\u00f3w\u201d poinformujemy indywidualnie.<\/p>\n\n\n<style type=\"text\/css\">\r\n\t#foogallery-gallery-5792 .fg-image {\r\n        width: 150px;\r\n    }\r\n<\/style>\r\n\t\t\t\t<div class=\"foogallery foogallery-container foogallery-default foogallery-lightbox-foogallery fg-gutter-10 fg-center fg-default fg-light fg-border-thin fg-shadow-outline fg-loading-default fg-loaded-fade-in fg-caption-hover fg-hover-fade fg-hover-zoom fg-ready\" id=\"foogallery-gallery-5792\" data-foogallery=\"{&quot;item&quot;:{&quot;showCaptionTitle&quot;:true,&quot;showCaptionDescription&quot;:true},&quot;lazy&quot;:true}\" data-foogallery-lightbox=\"{&quot;thumbs&quot;:&quot;bottom&quot;,&quot;thumbsCaptions&quot;:false,&quot;thumbsBestFit&quot;:false,&quot;thumbsSmall&quot;:false,&quot;thumbsCaptionsAlign&quot;:&quot;default&quot;,&quot;info&quot;:&quot;bottom&quot;,&quot;infoVisible&quot;:true,&quot;infoOverlay&quot;:true,&quot;infoAlign&quot;:&quot;default&quot;,&quot;transition&quot;:&quot;fade&quot;,&quot;hoverButtons&quot;:false,&quot;fitMedia&quot;:false,&quot;noScrollbars&quot;:true,&quot;preserveButtonSpace&quot;:true,&quot;buttons&quot;:{&quot;fullscreen&quot;:true,&quot;info&quot;:true,&quot;thumbs&quot;:false},&quot;video&quot;:{&quot;autoPlay&quot;:true}}\" >\r\n\t<div class=\"fg-item fg-type-image fg-idle\"><figure class=\"fg-item-inner\"><a href=\"https:\/\/plater.edu.pl\/liceum\/wp-content\/uploads\/2025\/05\/emiliada-1-foto-1.jpg\" data-attachment-id=\"5794\" data-type=\"image\" class=\"fg-thumb\"><span class=\"fg-image-wrap\"><img decoding=\"async\" width=\"150\" height=\"150\" class=\"skip-lazy fg-image\" data-src-fg=\"https:\/\/plater.edu.pl\/liceum\/wp-content\/uploads\/cache\/2025\/05\/emiliada-1-foto-1\/1328040112.jpg\" src=\"data:image\/svg+xml,%3Csvg%20xmlns%3D%22http%3A%2F%2Fwww.w3.org%2F2000%2Fsvg%22%20width%3D%22150%22%20height%3D%22150%22%20viewBox%3D%220%200%20150%20150%22%3E%3C%2Fsvg%3E\" loading=\"eager\"><\/span><span class=\"fg-image-overlay\"><\/span><\/a><figcaption class=\"fg-caption\"><div class=\"fg-caption-inner\"><\/div><\/figcaption><\/figure><div class=\"fg-loader\"><\/div><\/div><div class=\"fg-item fg-type-image fg-idle\"><figure class=\"fg-item-inner\"><a href=\"https:\/\/plater.edu.pl\/liceum\/wp-content\/uploads\/2025\/05\/emiliada-2-fofo.jpg\" data-attachment-id=\"5795\" data-type=\"image\" class=\"fg-thumb\"><span class=\"fg-image-wrap\"><img decoding=\"async\" width=\"150\" height=\"150\" class=\"skip-lazy fg-image\" data-src-fg=\"https:\/\/plater.edu.pl\/liceum\/wp-content\/uploads\/cache\/2025\/05\/emiliada-2-fofo\/1898700255.jpg\" src=\"data:image\/svg+xml,%3Csvg%20xmlns%3D%22http%3A%2F%2Fwww.w3.org%2F2000%2Fsvg%22%20width%3D%22150%22%20height%3D%22150%22%20viewBox%3D%220%200%20150%20150%22%3E%3C%2Fsvg%3E\" loading=\"eager\"><\/span><span class=\"fg-image-overlay\"><\/span><\/a><figcaption class=\"fg-caption\"><div class=\"fg-caption-inner\"><\/div><\/figcaption><\/figure><div class=\"fg-loader\"><\/div><\/div><div class=\"fg-item fg-type-image fg-idle\"><figure class=\"fg-item-inner\"><a href=\"https:\/\/plater.edu.pl\/liceum\/wp-content\/uploads\/2025\/05\/emiliada-3-foto.jpg\" data-attachment-id=\"5796\" data-type=\"image\" class=\"fg-thumb\"><span class=\"fg-image-wrap\"><img decoding=\"async\" width=\"150\" height=\"150\" class=\"skip-lazy fg-image\" data-src-fg=\"https:\/\/plater.edu.pl\/liceum\/wp-content\/uploads\/cache\/2025\/05\/emiliada-3-foto\/158153825.jpg\" src=\"data:image\/svg+xml,%3Csvg%20xmlns%3D%22http%3A%2F%2Fwww.w3.org%2F2000%2Fsvg%22%20width%3D%22150%22%20height%3D%22150%22%20viewBox%3D%220%200%20150%20150%22%3E%3C%2Fsvg%3E\" loading=\"eager\"><\/span><span class=\"fg-image-overlay\"><\/span><\/a><figcaption class=\"fg-caption\"><div class=\"fg-caption-inner\"><\/div><\/figcaption><\/figure><div class=\"fg-loader\"><\/div><\/div><div class=\"fg-item fg-type-image fg-idle\"><figure class=\"fg-item-inner\"><a href=\"https:\/\/plater.edu.pl\/liceum\/wp-content\/uploads\/2025\/05\/emiliada-5-fofo.jpg\" data-attachment-id=\"5797\" data-type=\"image\" class=\"fg-thumb\"><span class=\"fg-image-wrap\"><img decoding=\"async\" width=\"150\" height=\"150\" class=\"skip-lazy fg-image\" data-src-fg=\"https:\/\/plater.edu.pl\/liceum\/wp-content\/uploads\/cache\/2025\/05\/emiliada-5-fofo\/920864527.jpg\" src=\"data:image\/svg+xml,%3Csvg%20xmlns%3D%22http%3A%2F%2Fwww.w3.org%2F2000%2Fsvg%22%20width%3D%22150%22%20height%3D%22150%22%20viewBox%3D%220%200%20150%20150%22%3E%3C%2Fsvg%3E\" loading=\"eager\"><\/span><span class=\"fg-image-overlay\"><\/span><\/a><figcaption class=\"fg-caption\"><div class=\"fg-caption-inner\"><\/div><\/figcaption><\/figure><div class=\"fg-loader\"><\/div><\/div><\/div>\r\n\n","protected":false},"excerpt":{"rendered":"<p>11 kwietnia 2025 roku w murach naszego liceum odby\u0142a si\u0119 XXX edycja Wojew\u00f3dzkiego Konkursu z Przedmiot\u00f3w Przyrodniczych dla Uczni\u00f3w Szk\u00f3\u0142 Podstawowych &#8222;Emiliada&#8221;. 12 dru\u017cyn z Sosnowca, D\u0105browy G\u00f3rniczej, B\u0119dzina i Katowic rozwi\u0105zywa\u0142o zadania praktyczne i teoretyczne z chemii, biologii, geografii oraz fizyki. Gratulujemy wiedzy i wytrwa\u0142o\u015bci wszystkim dru\u017cynom! Oto zwyci\u0119zcy tegorocznej edycji: I miejsce dru\u017cyna [&hellip;]<\/p>\n","protected":false},"author":4,"featured_media":5797,"comment_status":"closed","ping_status":"open","sticky":false,"template":"","format":"standard","meta":{"_acf_changed":false,"_stopmodifiedupdate":false,"_modified_date":"","footnotes":""},"categories":[121],"tags":[],"class_list":{"0":"post-5791","1":"post","2":"type-post","3":"status-publish","4":"format-standard","5":"has-post-thumbnail","7":"category-emiliada"},"acf":[],"_links":{"self":[{"href":"https:\/\/plater.edu.pl\/liceum\/wp-json\/wp\/v2\/posts\/5791","targetHints":{"allow":["GET"]}}],"collection":[{"href":"https:\/\/plater.edu.pl\/liceum\/wp-json\/wp\/v2\/posts"}],"about":[{"href":"https:\/\/plater.edu.pl\/liceum\/wp-json\/wp\/v2\/types\/post"}],"author":[{"embeddable":true,"href":"https:\/\/plater.edu.pl\/liceum\/wp-json\/wp\/v2\/users\/4"}],"replies":[{"embeddable":true,"href":"https:\/\/plater.edu.pl\/liceum\/wp-json\/wp\/v2\/comments?post=5791"}],"version-history":[{"count":1,"href":"https:\/\/plater.edu.pl\/liceum\/wp-json\/wp\/v2\/posts\/5791\/revisions"}],"predecessor-version":[{"id":5798,"href":"https:\/\/plater.edu.pl\/liceum\/wp-json\/wp\/v2\/posts\/5791\/revisions\/5798"}],"wp:featuredmedia":[{"embeddable":true,"href":"https:\/\/plater.edu.pl\/liceum\/wp-json\/wp\/v2\/media\/5797"}],"wp:attachment":[{"href":"https:\/\/plater.edu.pl\/liceum\/wp-json\/wp\/v2\/media?parent=5791"}],"wp:term":[{"taxonomy":"category","embeddable":true,"href":"https:\/\/plater.edu.pl\/liceum\/wp-json\/wp\/v2\/categories?post=5791"},{"taxonomy":"post_tag","embeddable":true,"href":"https:\/\/plater.edu.pl\/liceum\/wp-json\/wp\/v2\/tags?post=5791"}],"curies":[{"name":"wp","href":"https:\/\/api.w.org\/{rel}","templated":true}]}}