{"id":5851,"date":"2025-05-23T08:17:18","date_gmt":"2025-05-23T06:17:18","guid":{"rendered":"https:\/\/plater.edu.pl\/liceum\/?p=5851"},"modified":"2025-05-23T08:17:20","modified_gmt":"2025-05-23T06:17:20","slug":"tworcze-warsztaty-plateran-z-pisarka-anna-cieplak","status":"publish","type":"post","link":"https:\/\/plater.edu.pl\/liceum\/2025\/05\/tworcze-warsztaty-plateran-z-pisarka-anna-cieplak\/","title":{"rendered":"Tw\u00f3rcze warsztaty Plateran z pisark\u0105 Ann\u0105 Cieplak"},"content":{"rendered":"\n<p>22 maja 2025 roku nasi liceali\u015bci wzi\u0119li udzia\u0142\u00a0 w warsztatach dla m\u0142odzie\u017cy z pisark\u0105, scenarzystk\u0105, za\u0142o\u017cycielk\u0105 Fundacji Pracownia Wsp\u00f3\u0142tw\u00f3rcza- Ann\u0105 Cieplak. <\/p>\n\n\n\n<p>\u201eTw\u00f3rcza uwaga\u201d- taki tytu\u0142 nosi\u0142y zaj\u0119cia- zorganizowane w Centrum Informacji Naukowej i Biblioteki Akademickiej w Katowicach, w ramach kt\u00f3rych nasi uczniowie mieli mo\u017cliwo\u015b\u0107 pog\u0142\u0119bienia\u00a0 swojej wyobra\u017ani w procesie edukacyjnym.<\/p>\n\n\n\n<p>W tym roku szkolnym to by\u0142y ju\u017c trzecie zaj\u0119cia dla\u00a0 naszych licealist\u00f3w, kt\u00f3rzy mieli ju\u017c okazj\u0119 uczestniczy\u0107 w warsztatach: z pisark\u0105 Sylwi\u0105 Chutnik i z prof. U\u015a Ann\u0105 Malinowsk\u0105.<\/p>\n\n\n\n<p>Z niecierpliwo\u015bci\u0105\u00a0 czekamy na kolejne warsztaty w nadchodz\u0105cym roku szkolnym,a inicjatorce spotka\u0144 \u2013 Annie Nowak \u2013 Pi\u0105tek dzi\u0119kujemy za wsp\u00f3\u0142prac\u0119 na linii Centrum Informacji Naukowej i Biblioteki Akademickiej w Katowicach \u2013 Katarzyna Reszel- \u0141ago\u0144&#8211;II LO z Oddzia\u0142ami Dwuj\u0119zycznymi im. E. Plater w Sosnowcu.<\/p>\n\n\n<div class=\"wp-block-image\">\n<figure class=\"aligncenter size-large\"><img loading=\"lazy\" decoding=\"async\" width=\"1024\" height=\"768\" src=\"https:\/\/plater.edu.pl\/liceum\/wp-content\/uploads\/2025\/05\/Anna_Cieplak-1024x768.jpg\" alt=\"\" class=\"wp-image-5852\" srcset=\"https:\/\/plater.edu.pl\/liceum\/wp-content\/uploads\/2025\/05\/Anna_Cieplak-1024x768.jpg 1024w, https:\/\/plater.edu.pl\/liceum\/wp-content\/uploads\/2025\/05\/Anna_Cieplak-300x225.jpg 300w, https:\/\/plater.edu.pl\/liceum\/wp-content\/uploads\/2025\/05\/Anna_Cieplak-768x576.jpg 768w, https:\/\/plater.edu.pl\/liceum\/wp-content\/uploads\/2025\/05\/Anna_Cieplak-1536x1152.jpg 1536w, https:\/\/plater.edu.pl\/liceum\/wp-content\/uploads\/2025\/05\/Anna_Cieplak-150x113.jpg 150w, https:\/\/plater.edu.pl\/liceum\/wp-content\/uploads\/2025\/05\/Anna_Cieplak-696x522.jpg 696w, https:\/\/plater.edu.pl\/liceum\/wp-content\/uploads\/2025\/05\/Anna_Cieplak-1068x801.jpg 1068w, https:\/\/plater.edu.pl\/liceum\/wp-content\/uploads\/2025\/05\/Anna_Cieplak.jpg 1600w\" sizes=\"auto, (max-width: 1024px) 100vw, 1024px\" \/><figcaption class=\"wp-element-caption\">Oplus_16908288<\/figcaption><\/figure>\n<\/div>","protected":false},"excerpt":{"rendered":"<p>22 maja 2025 roku nasi liceali\u015bci wzi\u0119li udzia\u0142\u00a0 w warsztatach dla m\u0142odzie\u017cy z pisark\u0105, scenarzystk\u0105, za\u0142o\u017cycielk\u0105 Fundacji Pracownia Wsp\u00f3\u0142tw\u00f3rcza- Ann\u0105 Cieplak. \u201eTw\u00f3rcza uwaga\u201d- taki tytu\u0142 nosi\u0142y zaj\u0119cia- zorganizowane w Centrum Informacji Naukowej i Biblioteki Akademickiej w Katowicach, w ramach kt\u00f3rych nasi uczniowie mieli mo\u017cliwo\u015b\u0107 pog\u0142\u0119bienia\u00a0 swojej wyobra\u017ani w procesie edukacyjnym. W tym roku szkolnym to [&hellip;]<\/p>\n","protected":false},"author":4,"featured_media":5852,"comment_status":"closed","ping_status":"open","sticky":false,"template":"","format":"standard","meta":{"_acf_changed":false,"_stopmodifiedupdate":false,"_modified_date":"","footnotes":""},"categories":[80,79],"tags":[],"class_list":{"0":"post-5851","1":"post","2":"type-post","3":"status-publish","4":"format-standard","5":"has-post-thumbnail","7":"category-spotkania","8":"category-wydarzenia"},"acf":[],"_links":{"self":[{"href":"https:\/\/plater.edu.pl\/liceum\/wp-json\/wp\/v2\/posts\/5851","targetHints":{"allow":["GET"]}}],"collection":[{"href":"https:\/\/plater.edu.pl\/liceum\/wp-json\/wp\/v2\/posts"}],"about":[{"href":"https:\/\/plater.edu.pl\/liceum\/wp-json\/wp\/v2\/types\/post"}],"author":[{"embeddable":true,"href":"https:\/\/plater.edu.pl\/liceum\/wp-json\/wp\/v2\/users\/4"}],"replies":[{"embeddable":true,"href":"https:\/\/plater.edu.pl\/liceum\/wp-json\/wp\/v2\/comments?post=5851"}],"version-history":[{"count":1,"href":"https:\/\/plater.edu.pl\/liceum\/wp-json\/wp\/v2\/posts\/5851\/revisions"}],"predecessor-version":[{"id":5853,"href":"https:\/\/plater.edu.pl\/liceum\/wp-json\/wp\/v2\/posts\/5851\/revisions\/5853"}],"wp:featuredmedia":[{"embeddable":true,"href":"https:\/\/plater.edu.pl\/liceum\/wp-json\/wp\/v2\/media\/5852"}],"wp:attachment":[{"href":"https:\/\/plater.edu.pl\/liceum\/wp-json\/wp\/v2\/media?parent=5851"}],"wp:term":[{"taxonomy":"category","embeddable":true,"href":"https:\/\/plater.edu.pl\/liceum\/wp-json\/wp\/v2\/categories?post=5851"},{"taxonomy":"post_tag","embeddable":true,"href":"https:\/\/plater.edu.pl\/liceum\/wp-json\/wp\/v2\/tags?post=5851"}],"curies":[{"name":"wp","href":"https:\/\/api.w.org\/{rel}","templated":true}]}}