{"id":5876,"date":"2025-05-25T23:03:29","date_gmt":"2025-05-25T21:03:29","guid":{"rendered":"https:\/\/plater.edu.pl\/liceum\/?p=5876"},"modified":"2025-05-25T23:03:31","modified_gmt":"2025-05-25T21:03:31","slug":"spotkanie-z-gosciem-6","status":"publish","type":"post","link":"https:\/\/plater.edu.pl\/liceum\/2025\/05\/spotkanie-z-gosciem-6\/","title":{"rendered":"Spotkanie z go\u015bciem"},"content":{"rendered":"\n<p>Spotkanie uczni\u00f3w klas 1d, 2a, 2d, 3d, 3f z go\u015bciem specjalnym prof. Jerzym Sperk\u0105 &#8211; Dyrektorem Instytutu Historii Uniwersytetu \u015al\u0105skiego.<\/p>\n","protected":false},"excerpt":{"rendered":"<p>Spotkanie uczni\u00f3w klas 1d, 2a, 2d, 3d, 3f z go\u015bciem specjalnym prof. Jerzym Sperk\u0105 &#8211; Dyrektorem Instytutu Historii Uniwersytetu \u015al\u0105skiego.<\/p>\n","protected":false},"author":1,"featured_media":5877,"comment_status":"closed","ping_status":"open","sticky":false,"template":"","format":"standard","meta":{"_acf_changed":false,"_stopmodifiedupdate":false,"_modified_date":"","footnotes":""},"categories":[80],"tags":[],"class_list":{"0":"post-5876","1":"post","2":"type-post","3":"status-publish","4":"format-standard","5":"has-post-thumbnail","7":"category-spotkania"},"acf":[],"_links":{"self":[{"href":"https:\/\/plater.edu.pl\/liceum\/wp-json\/wp\/v2\/posts\/5876","targetHints":{"allow":["GET"]}}],"collection":[{"href":"https:\/\/plater.edu.pl\/liceum\/wp-json\/wp\/v2\/posts"}],"about":[{"href":"https:\/\/plater.edu.pl\/liceum\/wp-json\/wp\/v2\/types\/post"}],"author":[{"embeddable":true,"href":"https:\/\/plater.edu.pl\/liceum\/wp-json\/wp\/v2\/users\/1"}],"replies":[{"embeddable":true,"href":"https:\/\/plater.edu.pl\/liceum\/wp-json\/wp\/v2\/comments?post=5876"}],"version-history":[{"count":1,"href":"https:\/\/plater.edu.pl\/liceum\/wp-json\/wp\/v2\/posts\/5876\/revisions"}],"predecessor-version":[{"id":5878,"href":"https:\/\/plater.edu.pl\/liceum\/wp-json\/wp\/v2\/posts\/5876\/revisions\/5878"}],"wp:featuredmedia":[{"embeddable":true,"href":"https:\/\/plater.edu.pl\/liceum\/wp-json\/wp\/v2\/media\/5877"}],"wp:attachment":[{"href":"https:\/\/plater.edu.pl\/liceum\/wp-json\/wp\/v2\/media?parent=5876"}],"wp:term":[{"taxonomy":"category","embeddable":true,"href":"https:\/\/plater.edu.pl\/liceum\/wp-json\/wp\/v2\/categories?post=5876"},{"taxonomy":"post_tag","embeddable":true,"href":"https:\/\/plater.edu.pl\/liceum\/wp-json\/wp\/v2\/tags?post=5876"}],"curies":[{"name":"wp","href":"https:\/\/api.w.org\/{rel}","templated":true}]}}