{"id":5884,"date":"2025-05-27T07:33:53","date_gmt":"2025-05-27T05:33:53","guid":{"rendered":"https:\/\/plater.edu.pl\/liceum\/?p=5884"},"modified":"2025-05-27T07:33:55","modified_gmt":"2025-05-27T05:33:55","slug":"gratulacje-dla-uczniow-plater","status":"publish","type":"post","link":"https:\/\/plater.edu.pl\/liceum\/2025\/05\/gratulacje-dla-uczniow-plater\/","title":{"rendered":"Gratulacje dla uczni\u00f3w Plater"},"content":{"rendered":"\n<p>Mi\u0142o nam poinformowa\u0107, \u017ce nasi uczniowie pi\u0119knie zaprezentowali si\u0119 podczas Zag\u0142\u0119biowskiego Konkursu na prezentacj\u0119 multimedialn\u0105 \u201e\u015aladami Stefana \u017beromskiego\u201d. Wykonali oryginalne i atrakcyjne prace przedstawiaj\u0105ce liczne podr\u00f3\u017ce Stefana \u017beromskiego oraz dzie\u0142a i pami\u0105tki, kt\u00f3re pozosta\u0142y po pisarzu.<br>I miejsce \u2013 Miko\u0142aj Jaw\u00f3r (klasa 3c ), Wojciech Rech ( klasa 2d )<br>II miejsce \u2013 Zuzanna \u017bebro ( klasa 2d ), Alicja Matysik ( klasa 3c ), Jakub Wierzbowski ( klasa 2d )<br>III miejsce \u2013 Oliwia Czajka ( klasa 3f ), Adam Feszter ( klasa 2d ).<br>Serdeczne gratulacje! Opiekunem merytorycznym uczni\u00f3w jest nauczycielka j\u0119zyka polskiego mgr Ewa Matysek.<\/p>\n\n\n<div class=\"wp-block-image\">\n<figure class=\"aligncenter size-large\"><img loading=\"lazy\" decoding=\"async\" width=\"1024\" height=\"986\" src=\"https:\/\/plater.edu.pl\/liceum\/wp-content\/uploads\/2025\/05\/Konkurs-multimedialny-1024x986.jpg\" alt=\"\" class=\"wp-image-5885\" srcset=\"https:\/\/plater.edu.pl\/liceum\/wp-content\/uploads\/2025\/05\/Konkurs-multimedialny-1024x986.jpg 1024w, https:\/\/plater.edu.pl\/liceum\/wp-content\/uploads\/2025\/05\/Konkurs-multimedialny-300x289.jpg 300w, https:\/\/plater.edu.pl\/liceum\/wp-content\/uploads\/2025\/05\/Konkurs-multimedialny-768x739.jpg 768w, https:\/\/plater.edu.pl\/liceum\/wp-content\/uploads\/2025\/05\/Konkurs-multimedialny-150x144.jpg 150w, https:\/\/plater.edu.pl\/liceum\/wp-content\/uploads\/2025\/05\/Konkurs-multimedialny-696x670.jpg 696w, https:\/\/plater.edu.pl\/liceum\/wp-content\/uploads\/2025\/05\/Konkurs-multimedialny-1068x1028.jpg 1068w, https:\/\/plater.edu.pl\/liceum\/wp-content\/uploads\/2025\/05\/Konkurs-multimedialny.jpg 1254w\" sizes=\"auto, (max-width: 1024px) 100vw, 1024px\" \/><\/figure>\n<\/div>","protected":false},"excerpt":{"rendered":"<p>Mi\u0142o nam poinformowa\u0107, \u017ce nasi uczniowie pi\u0119knie zaprezentowali si\u0119 podczas Zag\u0142\u0119biowskiego Konkursu na prezentacj\u0119 multimedialn\u0105 \u201e\u015aladami Stefana \u017beromskiego\u201d. Wykonali oryginalne i atrakcyjne prace przedstawiaj\u0105ce liczne podr\u00f3\u017ce Stefana \u017beromskiego oraz dzie\u0142a i pami\u0105tki, kt\u00f3re pozosta\u0142y po pisarzu.I miejsce \u2013 Miko\u0142aj Jaw\u00f3r (klasa 3c ), Wojciech Rech ( klasa 2d )II miejsce \u2013 Zuzanna \u017bebro ( klasa [&hellip;]<\/p>\n","protected":false},"author":4,"featured_media":5885,"comment_status":"closed","ping_status":"open","sticky":false,"template":"","format":"standard","meta":{"_acf_changed":false,"_stopmodifiedupdate":false,"_modified_date":"","footnotes":""},"categories":[84,79],"tags":[],"class_list":{"0":"post-5884","1":"post","2":"type-post","3":"status-publish","4":"format-standard","5":"has-post-thumbnail","7":"category-konkursy","8":"category-wydarzenia"},"acf":[],"_links":{"self":[{"href":"https:\/\/plater.edu.pl\/liceum\/wp-json\/wp\/v2\/posts\/5884","targetHints":{"allow":["GET"]}}],"collection":[{"href":"https:\/\/plater.edu.pl\/liceum\/wp-json\/wp\/v2\/posts"}],"about":[{"href":"https:\/\/plater.edu.pl\/liceum\/wp-json\/wp\/v2\/types\/post"}],"author":[{"embeddable":true,"href":"https:\/\/plater.edu.pl\/liceum\/wp-json\/wp\/v2\/users\/4"}],"replies":[{"embeddable":true,"href":"https:\/\/plater.edu.pl\/liceum\/wp-json\/wp\/v2\/comments?post=5884"}],"version-history":[{"count":1,"href":"https:\/\/plater.edu.pl\/liceum\/wp-json\/wp\/v2\/posts\/5884\/revisions"}],"predecessor-version":[{"id":5886,"href":"https:\/\/plater.edu.pl\/liceum\/wp-json\/wp\/v2\/posts\/5884\/revisions\/5886"}],"wp:featuredmedia":[{"embeddable":true,"href":"https:\/\/plater.edu.pl\/liceum\/wp-json\/wp\/v2\/media\/5885"}],"wp:attachment":[{"href":"https:\/\/plater.edu.pl\/liceum\/wp-json\/wp\/v2\/media?parent=5884"}],"wp:term":[{"taxonomy":"category","embeddable":true,"href":"https:\/\/plater.edu.pl\/liceum\/wp-json\/wp\/v2\/categories?post=5884"},{"taxonomy":"post_tag","embeddable":true,"href":"https:\/\/plater.edu.pl\/liceum\/wp-json\/wp\/v2\/tags?post=5884"}],"curies":[{"name":"wp","href":"https:\/\/api.w.org\/{rel}","templated":true}]}}