{"id":6250,"date":"2025-10-24T09:06:27","date_gmt":"2025-10-24T07:06:27","guid":{"rendered":"https:\/\/plater.edu.pl\/liceum\/?p=6250"},"modified":"2025-10-24T09:06:29","modified_gmt":"2025-10-24T07:06:29","slug":"wspolpraca-z-politechnika-slaska","status":"publish","type":"post","link":"https:\/\/plater.edu.pl\/liceum\/2025\/10\/wspolpraca-z-politechnika-slaska\/","title":{"rendered":"Wsp\u00f3\u0142praca z Politechnik\u0105 \u015al\u0105sk\u0105"},"content":{"rendered":"\n<p>W ramach porozumienia i wsp\u00f3\u0142pracy naszego Liceum z Politechnik\u0105 \u015al\u0105sk\u0105, w dniu 10 pa\u017adziernika uczniowie klasy 3A oraz 4C uczestniczyli w warsztatach prowadzonych w ramach projektu: Wsparcie Procesu Sprawiedliwej Transformacji poprzez Promocj\u0119 Edukacji Wy\u017cszej. Zaj\u0119cia poprowadzi\u0142 pracownik uczelni wy\u017cszej dr in\u017c. Artur Dylong.<br>Na warsztatach m\u0142odzie\u017c zapozna\u0142a si\u0119 z mo\u017cliwo\u015bciami oszcz\u0119dzania zu\u017cycia energii oraz sposobami ograniczenia emisji. Poruszony problem dotycz\u0105cy wsp\u00f3\u0142czesnych \u017ar\u00f3de\u0142 odnawialnych by\u0142 dla m\u0142odzie\u017cy bardzo ciekawy i po\u017cyteczny.<\/p>\n\n\n<div class=\"wp-block-image\">\n<figure class=\"aligncenter size-large\"><img loading=\"lazy\" decoding=\"async\" width=\"1024\" height=\"628\" src=\"https:\/\/plater.edu.pl\/liceum\/wp-content\/uploads\/2025\/10\/W1-1024x628.jpg\" alt=\"\" class=\"wp-image-6251\" srcset=\"https:\/\/plater.edu.pl\/liceum\/wp-content\/uploads\/2025\/10\/W1-1024x628.jpg 1024w, https:\/\/plater.edu.pl\/liceum\/wp-content\/uploads\/2025\/10\/W1-300x184.jpg 300w, https:\/\/plater.edu.pl\/liceum\/wp-content\/uploads\/2025\/10\/W1-768x471.jpg 768w, https:\/\/plater.edu.pl\/liceum\/wp-content\/uploads\/2025\/10\/W1-150x92.jpg 150w, https:\/\/plater.edu.pl\/liceum\/wp-content\/uploads\/2025\/10\/W1-696x427.jpg 696w, https:\/\/plater.edu.pl\/liceum\/wp-content\/uploads\/2025\/10\/W1-1068x655.jpg 1068w, https:\/\/plater.edu.pl\/liceum\/wp-content\/uploads\/2025\/10\/W1.jpg 1520w\" sizes=\"auto, (max-width: 1024px) 100vw, 1024px\" \/><\/figure>\n<\/div>","protected":false},"excerpt":{"rendered":"<p>W ramach porozumienia i wsp\u00f3\u0142pracy naszego Liceum z Politechnik\u0105 \u015al\u0105sk\u0105, w dniu 10 pa\u017adziernika uczniowie klasy 3A oraz 4C uczestniczyli w warsztatach prowadzonych w ramach projektu: Wsparcie Procesu Sprawiedliwej Transformacji poprzez Promocj\u0119 Edukacji Wy\u017cszej. Zaj\u0119cia poprowadzi\u0142 pracownik uczelni wy\u017cszej dr in\u017c. Artur Dylong.Na warsztatach m\u0142odzie\u017c zapozna\u0142a si\u0119 z mo\u017cliwo\u015bciami oszcz\u0119dzania zu\u017cycia energii oraz sposobami ograniczenia [&hellip;]<\/p>\n","protected":false},"author":4,"featured_media":6251,"comment_status":"closed","ping_status":"open","sticky":false,"template":"","format":"standard","meta":{"_acf_changed":false,"_stopmodifiedupdate":false,"_modified_date":"","footnotes":""},"categories":[86,79,59],"tags":[],"class_list":{"0":"post-6250","1":"post","2":"type-post","3":"status-publish","4":"format-standard","5":"has-post-thumbnail","7":"category-nauka","8":"category-wydarzenia","9":"category-wydarzenia-szkolne"},"acf":[],"_links":{"self":[{"href":"https:\/\/plater.edu.pl\/liceum\/wp-json\/wp\/v2\/posts\/6250","targetHints":{"allow":["GET"]}}],"collection":[{"href":"https:\/\/plater.edu.pl\/liceum\/wp-json\/wp\/v2\/posts"}],"about":[{"href":"https:\/\/plater.edu.pl\/liceum\/wp-json\/wp\/v2\/types\/post"}],"author":[{"embeddable":true,"href":"https:\/\/plater.edu.pl\/liceum\/wp-json\/wp\/v2\/users\/4"}],"replies":[{"embeddable":true,"href":"https:\/\/plater.edu.pl\/liceum\/wp-json\/wp\/v2\/comments?post=6250"}],"version-history":[{"count":1,"href":"https:\/\/plater.edu.pl\/liceum\/wp-json\/wp\/v2\/posts\/6250\/revisions"}],"predecessor-version":[{"id":6252,"href":"https:\/\/plater.edu.pl\/liceum\/wp-json\/wp\/v2\/posts\/6250\/revisions\/6252"}],"wp:featuredmedia":[{"embeddable":true,"href":"https:\/\/plater.edu.pl\/liceum\/wp-json\/wp\/v2\/media\/6251"}],"wp:attachment":[{"href":"https:\/\/plater.edu.pl\/liceum\/wp-json\/wp\/v2\/media?parent=6250"}],"wp:term":[{"taxonomy":"category","embeddable":true,"href":"https:\/\/plater.edu.pl\/liceum\/wp-json\/wp\/v2\/categories?post=6250"},{"taxonomy":"post_tag","embeddable":true,"href":"https:\/\/plater.edu.pl\/liceum\/wp-json\/wp\/v2\/tags?post=6250"}],"curies":[{"name":"wp","href":"https:\/\/api.w.org\/{rel}","templated":true}]}}