{"id":6257,"date":"2025-10-29T09:04:42","date_gmt":"2025-10-29T08:04:42","guid":{"rendered":"https:\/\/plater.edu.pl\/liceum\/?p=6257"},"modified":"2025-11-03T10:20:13","modified_gmt":"2025-11-03T09:20:13","slug":"rekrutacja-do-projektu-erasmus","status":"publish","type":"post","link":"https:\/\/plater.edu.pl\/liceum\/2025\/10\/rekrutacja-do-projektu-erasmus\/","title":{"rendered":"Rekrutacja do projektu ERASMUS+"},"content":{"rendered":"\n<p>Z przyjemno\u015bci\u0105 oficjalnie og\u0142aszamy, \u017ce nasza szko\u0142a bierze udzia\u0142 w projekcie Erasmus+ KA122-SCH &#8211; Kr\u00f3tkoterminowe projekty na rzecz mobilno\u015bci uczni\u00f3w i kadry w sektorze edukacji szkolnej.<\/p>\n\n\n\n<p>Cele naszego projektu:<\/p>\n\n\n\n<ul class=\"wp-block-list\">\n<li>UCZNIOWIE: pomoc w organizacji waszego czasu, kt\u00f3ry po\u015bwi\u0119caj\u0105 na nauk\u0119 oraz u\u0142atwienie im radzenia sobie ze stresem i ogromem szkolnego materia\u0142u, kt\u00f3ry musz\u0105 przyswaja\u0107 w ka\u017cdym tygodniu nauki. W trakcie projektu stworzymy cyfrowe narz\u0119dzia do planowania nauki, kt\u00f3re odpowie na potrzeby jako m\u0142odych ludzi zaj\u0119tych, cz\u0119sto przebod\u017acowanych i chc\u0105cych mie\u0107 r\u00f3wnie\u017c czas na rozwijanie swoich pasji i zainteresowa\u0144.<\/li>\n\n\n\n<li>NAUCZYCIELE: podniesienie poziomu j\u0119zyka angielskiego kadry, docelowo do prowadzenia wi\u0119kszej ilo\u015bci zaj\u0119\u0107 w formule dwuj\u0119zycznej oraz doskonalenie zawodowe warsztatu pracy z uczniem ze specjalnymi potrzebami.<\/li>\n<\/ul>\n\n\n\n<p>W projekcie dla uczni\u00f3w przewidziane s\u0105 warsztaty i wsp\u00f3lna praca nad cyfrowym plannerem dla uczni\u00f3w, a tak\u017ce wyjazd grupowy do szko\u0142y partnerskiej w Austrii. Natomiast dla nauczycieli przewidziany jest udzia\u0142 w kursie j\u0119zyka angielskiego w Irlandii lub na Malcie, prowadzenie zaj\u0119\u0107 w szkole partnerskiej w ramach Teaching Assignment oraz obserwacja zaj\u0119\u0107 Job Shadowing ze szczeg\u00f3lnym nastawieniem na prac\u0119 z uczniem ze specjalnymi potrzebami.<\/p>\n\n\n\n<p>Udzia\u0142 w projekcie jest poniewa\u017c projekt jest sfinansowany ze \u015brodk\u00f3w Unii Europejskiej. Wyra\u017cone pogl\u0105dy i opinie s\u0105 jedynie opiniami autora lub autor\u00f3w i niekoniecznie odzwierciedlaj\u0105 pogl\u0105dy i opinie Unii Europejskiej lub Fundacji Rozwoju Systemu Edukacji. Unia Europejska ani Fundacja Rozwoju Systemu Edukacji nie ponosz\u0105 za nie odpowiedzialno\u015bci. <strong>Niemniej jednak udzia\u0142 w projekcie wymaga zaanga\u017cowania oraz po\u015bwi\u0119cenia czasu na dzia\u0142ania projektowe.<\/strong><\/p>\n\n\n\n<p><strong>Jak zg\u0142osi\u0107 swoje uczestnictwo w projekcie?<\/strong><\/p>\n\n\n\n<p>Wype\u0142ni\u0107 ankiet\u0119 rekrutacyjn\u0105 udost\u0119pnion\u0105 poprzez dziennik elektroniczny, kt\u00f3ra zostanie przeanalizowana przez Komisj\u0119 Rekrutacyjn\u0105.<\/p>\n\n\n\n<p>Rekrutacja trwa do 31.10.2015 r.<\/p>\n\n\n\n<p>Po wi\u0119cej informacji zapraszamy do kontaktu z koordynatork\u0105 projektu mgr Magdalen\u0105 Bujas &#8211; <a href=\"mailto:mbujas@plater.edu.pl\" target=\"_blank\" rel=\"noreferrer noopener\">mbujas@plater.edu.pl<\/a><\/p>\n","protected":false},"excerpt":{"rendered":"<p>Z przyjemno\u015bci\u0105 oficjalnie og\u0142aszamy, \u017ce nasza szko\u0142a bierze udzia\u0142 w projekcie Erasmus+ KA122-SCH &#8211; Kr\u00f3tkoterminowe projekty na rzecz mobilno\u015bci uczni\u00f3w i kadry w sektorze edukacji szkolnej. Cele naszego projektu: W projekcie dla uczni\u00f3w przewidziane s\u0105 warsztaty i wsp\u00f3lna praca nad cyfrowym plannerem dla uczni\u00f3w, a tak\u017ce wyjazd grupowy do szko\u0142y partnerskiej w Austrii. Natomiast dla [&hellip;]<\/p>\n","protected":false},"author":4,"featured_media":6256,"comment_status":"closed","ping_status":"open","sticky":false,"template":"","format":"standard","meta":{"_acf_changed":false,"_stopmodifiedupdate":false,"_modified_date":"","footnotes":""},"categories":[148,79,59],"tags":[],"class_list":{"0":"post-6257","1":"post","2":"type-post","3":"status-publish","4":"format-standard","5":"has-post-thumbnail","7":"category-erazmus","8":"category-wydarzenia","9":"category-wydarzenia-szkolne"},"acf":[],"_links":{"self":[{"href":"https:\/\/plater.edu.pl\/liceum\/wp-json\/wp\/v2\/posts\/6257","targetHints":{"allow":["GET"]}}],"collection":[{"href":"https:\/\/plater.edu.pl\/liceum\/wp-json\/wp\/v2\/posts"}],"about":[{"href":"https:\/\/plater.edu.pl\/liceum\/wp-json\/wp\/v2\/types\/post"}],"author":[{"embeddable":true,"href":"https:\/\/plater.edu.pl\/liceum\/wp-json\/wp\/v2\/users\/4"}],"replies":[{"embeddable":true,"href":"https:\/\/plater.edu.pl\/liceum\/wp-json\/wp\/v2\/comments?post=6257"}],"version-history":[{"count":1,"href":"https:\/\/plater.edu.pl\/liceum\/wp-json\/wp\/v2\/posts\/6257\/revisions"}],"predecessor-version":[{"id":6258,"href":"https:\/\/plater.edu.pl\/liceum\/wp-json\/wp\/v2\/posts\/6257\/revisions\/6258"}],"wp:featuredmedia":[{"embeddable":true,"href":"https:\/\/plater.edu.pl\/liceum\/wp-json\/wp\/v2\/media\/6256"}],"wp:attachment":[{"href":"https:\/\/plater.edu.pl\/liceum\/wp-json\/wp\/v2\/media?parent=6257"}],"wp:term":[{"taxonomy":"category","embeddable":true,"href":"https:\/\/plater.edu.pl\/liceum\/wp-json\/wp\/v2\/categories?post=6257"},{"taxonomy":"post_tag","embeddable":true,"href":"https:\/\/plater.edu.pl\/liceum\/wp-json\/wp\/v2\/tags?post=6257"}],"curies":[{"name":"wp","href":"https:\/\/api.w.org\/{rel}","templated":true}]}}