{"id":6412,"date":"2025-12-01T09:10:45","date_gmt":"2025-12-01T08:10:45","guid":{"rendered":"https:\/\/plater.edu.pl\/liceum\/?p=6412"},"modified":"2025-12-01T09:10:47","modified_gmt":"2025-12-01T08:10:47","slug":"uczniowie-plater-na-olimpiadzie-wiedzy-o-spoleczenstwie","status":"publish","type":"post","link":"https:\/\/plater.edu.pl\/liceum\/2025\/12\/uczniowie-plater-na-olimpiadzie-wiedzy-o-spoleczenstwie\/","title":{"rendered":"Uczniowie Plater na Olimpiadzie Wiedzy o Spo\u0142ecze\u0144stwie"},"content":{"rendered":"\n<p>W sobot\u0119 29 listopada uczniowie: Agnieszka Sikora z klasy 4f, Igor Szajos z 4f, Jakub Wierzbowski z 3d i Mi\u0142osz Zdzieb\u0142o z 2d reprezentowali szko\u0142\u0119 na etapie okr\u0119gowym Olimpiady Wiedzy o Spo\u0142ecze\u0144stwie, kt\u00f3ry odbywa\u0142 si\u0119 w Cz\u0119stochowie. M\u0142odzi ludzie z ca\u0142ego wojew\u00f3dztwa \u015bl\u0105skiego zasiedli w \u0142awkach, aby rozwi\u0105za\u0107 bardzo trudny test. Dlatego jest nam niezwykle mi\u0142o powiedzie\u0107, \u017ce Agnieszka i Jakub zdobyli tytu\u0142y finalist\u00f3w etapu okr\u0119gowego. Serdecznie gratulujemy wszystkim uczestnikom i \u017cyczymy sukces\u00f3w w kolejnych olimpiadach.<br>I cho\u0107 by\u0142o zimno, i daleko, to na pytanie czy by\u0142o warto, uczniowie jednog\u0142o\u015bnie odpowiedzieli &#8211; Tak!<\/p>\n\n\n<div class=\"wp-block-image\">\n<figure class=\"aligncenter size-large\"><img loading=\"lazy\" decoding=\"async\" width=\"1024\" height=\"768\" src=\"https:\/\/plater.edu.pl\/liceum\/wp-content\/uploads\/2025\/12\/olimp_wos_2025-1024x768.jpg\" alt=\"\" class=\"wp-image-6411\" srcset=\"https:\/\/plater.edu.pl\/liceum\/wp-content\/uploads\/2025\/12\/olimp_wos_2025-1024x768.jpg 1024w, https:\/\/plater.edu.pl\/liceum\/wp-content\/uploads\/2025\/12\/olimp_wos_2025-300x225.jpg 300w, https:\/\/plater.edu.pl\/liceum\/wp-content\/uploads\/2025\/12\/olimp_wos_2025-768x576.jpg 768w, https:\/\/plater.edu.pl\/liceum\/wp-content\/uploads\/2025\/12\/olimp_wos_2025-1536x1152.jpg 1536w, https:\/\/plater.edu.pl\/liceum\/wp-content\/uploads\/2025\/12\/olimp_wos_2025-2048x1536.jpg 2048w, https:\/\/plater.edu.pl\/liceum\/wp-content\/uploads\/2025\/12\/olimp_wos_2025-150x113.jpg 150w, https:\/\/plater.edu.pl\/liceum\/wp-content\/uploads\/2025\/12\/olimp_wos_2025-696x522.jpg 696w, https:\/\/plater.edu.pl\/liceum\/wp-content\/uploads\/2025\/12\/olimp_wos_2025-1068x801.jpg 1068w, https:\/\/plater.edu.pl\/liceum\/wp-content\/uploads\/2025\/12\/olimp_wos_2025-1920x1440.jpg 1920w\" sizes=\"auto, (max-width: 1024px) 100vw, 1024px\" \/><\/figure>\n<\/div>","protected":false},"excerpt":{"rendered":"<p>W sobot\u0119 29 listopada uczniowie: Agnieszka Sikora z klasy 4f, Igor Szajos z 4f, Jakub Wierzbowski z 3d i Mi\u0142osz Zdzieb\u0142o z 2d reprezentowali szko\u0142\u0119 na etapie okr\u0119gowym Olimpiady Wiedzy o Spo\u0142ecze\u0144stwie, kt\u00f3ry odbywa\u0142 si\u0119 w Cz\u0119stochowie. M\u0142odzi ludzie z ca\u0142ego wojew\u00f3dztwa \u015bl\u0105skiego zasiedli w \u0142awkach, aby rozwi\u0105za\u0107 bardzo trudny test. Dlatego jest nam niezwykle [&hellip;]<\/p>\n","protected":false},"author":4,"featured_media":6411,"comment_status":"closed","ping_status":"open","sticky":false,"template":"","format":"standard","meta":{"_acf_changed":false,"_stopmodifiedupdate":false,"_modified_date":"","footnotes":""},"categories":[79,59],"tags":[],"class_list":{"0":"post-6412","1":"post","2":"type-post","3":"status-publish","4":"format-standard","5":"has-post-thumbnail","7":"category-wydarzenia","8":"category-wydarzenia-szkolne"},"acf":[],"_links":{"self":[{"href":"https:\/\/plater.edu.pl\/liceum\/wp-json\/wp\/v2\/posts\/6412","targetHints":{"allow":["GET"]}}],"collection":[{"href":"https:\/\/plater.edu.pl\/liceum\/wp-json\/wp\/v2\/posts"}],"about":[{"href":"https:\/\/plater.edu.pl\/liceum\/wp-json\/wp\/v2\/types\/post"}],"author":[{"embeddable":true,"href":"https:\/\/plater.edu.pl\/liceum\/wp-json\/wp\/v2\/users\/4"}],"replies":[{"embeddable":true,"href":"https:\/\/plater.edu.pl\/liceum\/wp-json\/wp\/v2\/comments?post=6412"}],"version-history":[{"count":1,"href":"https:\/\/plater.edu.pl\/liceum\/wp-json\/wp\/v2\/posts\/6412\/revisions"}],"predecessor-version":[{"id":6413,"href":"https:\/\/plater.edu.pl\/liceum\/wp-json\/wp\/v2\/posts\/6412\/revisions\/6413"}],"wp:featuredmedia":[{"embeddable":true,"href":"https:\/\/plater.edu.pl\/liceum\/wp-json\/wp\/v2\/media\/6411"}],"wp:attachment":[{"href":"https:\/\/plater.edu.pl\/liceum\/wp-json\/wp\/v2\/media?parent=6412"}],"wp:term":[{"taxonomy":"category","embeddable":true,"href":"https:\/\/plater.edu.pl\/liceum\/wp-json\/wp\/v2\/categories?post=6412"},{"taxonomy":"post_tag","embeddable":true,"href":"https:\/\/plater.edu.pl\/liceum\/wp-json\/wp\/v2\/tags?post=6412"}],"curies":[{"name":"wp","href":"https:\/\/api.w.org\/{rel}","templated":true}]}}