{"id":6420,"date":"2025-12-04T08:18:34","date_gmt":"2025-12-04T07:18:34","guid":{"rendered":"https:\/\/plater.edu.pl\/liceum\/?p=6420"},"modified":"2025-12-04T08:18:36","modified_gmt":"2025-12-04T07:18:36","slug":"spotkanie-literackie-z-pisarzem-i-reporterem-zbigniewem-rokita","status":"publish","type":"post","link":"https:\/\/plater.edu.pl\/liceum\/2025\/12\/spotkanie-literackie-z-pisarzem-i-reporterem-zbigniewem-rokita\/","title":{"rendered":"Spotkanie literackie z pisarzem i reporterem Zbigniewem Rokit\u0105"},"content":{"rendered":"\n<p>3 grudnia 2025 r. w CINiBA odby\u0142o si\u0119 inspiruj\u0105ce spotkanie po\u015bwi\u0119cone wsp\u00f3\u0142czesnym strategiom czytania, kondycji polskiego czytelnictwa oraz wyzwaniom zwi\u0105zanym z dezinformacj\u0105 i mediami w dobie wojny rosyjsko-ukrai\u0144skiej.<\/p>\n\n\n\n<p>W wydarzeniu uczestniczyli uczniowie z II LO z Oddzia\u0142ami Dwuj\u0119zycznymi im. E. Plater w Sosnowcu, pod opiek\u0105 polonistki Katarzyny Reszel-\u0141ago\u0144.<\/p>\n\n\n\n<p>Go\u015bciem spotkania by\u0142 Zbigniew Rokita \u2013 pisarz, reporter, dramaturg oraz laureat Nagrody Literackiej Nike.<\/p>\n\n\n\n<p>Inicjatork\u0105 wydarzenia by\u0142a Anna Nowak-Pi\u0105tek, reprezentuj\u0105ca Centrum Informacji Naukowej i Bibliotek\u0119 Akademick\u0105 i to ju\u017c kolejne spotkanie z pisarzem, kt\u00f3re z powodzeniem zorganizowa\u0142a.<\/p>\n\n\n\n<p>Serdecznie dzi\u0119kujemy za mo\u017cliwo\u015b\u0107 uczestniczenia w tym inspiruj\u0105cym warsztacie literackim oraz za stworzenie przestrzeni do rozmowy o literaturze i wsp\u00f3\u0142czesnym \u015bwiecie s\u0142owa.<\/p>\n\n\n<style type=\"text\/css\">\r\n\t#foogallery-gallery-6415 .fg-image {\r\n        width: 150px;\r\n    }\r\n<\/style>\r\n\t\t\t\t<div class=\"foogallery foogallery-container foogallery-default foogallery-lightbox-foogallery fg-gutter-10 fg-center fg-default fg-light fg-border-thin fg-shadow-outline fg-loading-default fg-loaded-fade-in fg-caption-hover fg-hover-fade fg-hover-zoom fg-ready\" id=\"foogallery-gallery-6415\" data-foogallery=\"{&quot;item&quot;:{&quot;showCaptionTitle&quot;:true,&quot;showCaptionDescription&quot;:true},&quot;lazy&quot;:true}\" data-foogallery-lightbox=\"{&quot;thumbs&quot;:&quot;bottom&quot;,&quot;thumbsCaptions&quot;:false,&quot;thumbsBestFit&quot;:false,&quot;thumbsSmall&quot;:false,&quot;thumbsCaptionsAlign&quot;:&quot;default&quot;,&quot;info&quot;:&quot;bottom&quot;,&quot;infoVisible&quot;:true,&quot;infoOverlay&quot;:true,&quot;infoAlign&quot;:&quot;default&quot;,&quot;transition&quot;:&quot;fade&quot;,&quot;hoverButtons&quot;:false,&quot;fitMedia&quot;:false,&quot;noScrollbars&quot;:true,&quot;preserveButtonSpace&quot;:true,&quot;buttons&quot;:{&quot;fullscreen&quot;:true,&quot;info&quot;:true,&quot;thumbs&quot;:false},&quot;video&quot;:{&quot;autoPlay&quot;:true}}\" >\r\n\t<div class=\"fg-item fg-type-image fg-idle\"><figure class=\"fg-item-inner\"><a href=\"https:\/\/plater.edu.pl\/liceum\/wp-content\/uploads\/2025\/12\/Zbigniew_Rokita-1.jpg\" data-attachment-id=\"6417\" data-type=\"image\" class=\"fg-thumb\"><span class=\"fg-image-wrap\"><img decoding=\"async\" width=\"150\" height=\"150\" class=\"skip-lazy fg-image\" data-src-fg=\"https:\/\/plater.edu.pl\/liceum\/wp-content\/uploads\/cache\/2025\/12\/Zbigniew_Rokita-1\/4049765811.jpg\" src=\"data:image\/svg+xml,%3Csvg%20xmlns%3D%22http%3A%2F%2Fwww.w3.org%2F2000%2Fsvg%22%20width%3D%22150%22%20height%3D%22150%22%20viewBox%3D%220%200%20150%20150%22%3E%3C%2Fsvg%3E\" loading=\"eager\"><\/span><span class=\"fg-image-overlay\"><\/span><\/a><figcaption class=\"fg-caption\"><div class=\"fg-caption-inner\"><\/div><\/figcaption><\/figure><div class=\"fg-loader\"><\/div><\/div><div class=\"fg-item fg-type-image fg-idle\"><figure class=\"fg-item-inner\"><a href=\"https:\/\/plater.edu.pl\/liceum\/wp-content\/uploads\/2025\/12\/Zbigniew_Rokita-2-1.jpg\" data-attachment-id=\"6418\" data-type=\"image\" class=\"fg-thumb\"><span class=\"fg-image-wrap\"><img decoding=\"async\" width=\"150\" height=\"150\" class=\"skip-lazy fg-image\" data-src-fg=\"https:\/\/plater.edu.pl\/liceum\/wp-content\/uploads\/cache\/2025\/12\/Zbigniew_Rokita-2-1\/872861723.jpg\" src=\"data:image\/svg+xml,%3Csvg%20xmlns%3D%22http%3A%2F%2Fwww.w3.org%2F2000%2Fsvg%22%20width%3D%22150%22%20height%3D%22150%22%20viewBox%3D%220%200%20150%20150%22%3E%3C%2Fsvg%3E\" loading=\"eager\"><\/span><span class=\"fg-image-overlay\"><\/span><\/a><figcaption class=\"fg-caption\"><div class=\"fg-caption-inner\"><\/div><\/figcaption><\/figure><div class=\"fg-loader\"><\/div><\/div><div class=\"fg-item fg-type-image fg-idle\"><figure class=\"fg-item-inner\"><a href=\"https:\/\/plater.edu.pl\/liceum\/wp-content\/uploads\/2025\/12\/Zbigniew_Rokita-3.jpg\" data-attachment-id=\"6419\" data-type=\"image\" class=\"fg-thumb\"><span class=\"fg-image-wrap\"><img decoding=\"async\" width=\"150\" height=\"150\" class=\"skip-lazy fg-image\" data-src-fg=\"https:\/\/plater.edu.pl\/liceum\/wp-content\/uploads\/cache\/2025\/12\/Zbigniew_Rokita-3\/2280408107.jpg\" src=\"data:image\/svg+xml,%3Csvg%20xmlns%3D%22http%3A%2F%2Fwww.w3.org%2F2000%2Fsvg%22%20width%3D%22150%22%20height%3D%22150%22%20viewBox%3D%220%200%20150%20150%22%3E%3C%2Fsvg%3E\" loading=\"eager\"><\/span><span class=\"fg-image-overlay\"><\/span><\/a><figcaption class=\"fg-caption\"><div class=\"fg-caption-inner\"><\/div><\/figcaption><\/figure><div class=\"fg-loader\"><\/div><\/div><\/div>\r\n\n","protected":false},"excerpt":{"rendered":"<p>3 grudnia 2025 r. w CINiBA odby\u0142o si\u0119 inspiruj\u0105ce spotkanie po\u015bwi\u0119cone wsp\u00f3\u0142czesnym strategiom czytania, kondycji polskiego czytelnictwa oraz wyzwaniom zwi\u0105zanym z dezinformacj\u0105 i mediami w dobie wojny rosyjsko-ukrai\u0144skiej. W wydarzeniu uczestniczyli uczniowie z II LO z Oddzia\u0142ami Dwuj\u0119zycznymi im. E. Plater w Sosnowcu, pod opiek\u0105 polonistki Katarzyny Reszel-\u0141ago\u0144. Go\u015bciem spotkania by\u0142 Zbigniew Rokita \u2013 pisarz, [&hellip;]<\/p>\n","protected":false},"author":4,"featured_media":6419,"comment_status":"closed","ping_status":"open","sticky":false,"template":"","format":"standard","meta":{"_acf_changed":false,"_stopmodifiedupdate":false,"_modified_date":"","footnotes":""},"categories":[79,59],"tags":[],"class_list":{"0":"post-6420","1":"post","2":"type-post","3":"status-publish","4":"format-standard","5":"has-post-thumbnail","7":"category-wydarzenia","8":"category-wydarzenia-szkolne"},"acf":[],"_links":{"self":[{"href":"https:\/\/plater.edu.pl\/liceum\/wp-json\/wp\/v2\/posts\/6420","targetHints":{"allow":["GET"]}}],"collection":[{"href":"https:\/\/plater.edu.pl\/liceum\/wp-json\/wp\/v2\/posts"}],"about":[{"href":"https:\/\/plater.edu.pl\/liceum\/wp-json\/wp\/v2\/types\/post"}],"author":[{"embeddable":true,"href":"https:\/\/plater.edu.pl\/liceum\/wp-json\/wp\/v2\/users\/4"}],"replies":[{"embeddable":true,"href":"https:\/\/plater.edu.pl\/liceum\/wp-json\/wp\/v2\/comments?post=6420"}],"version-history":[{"count":1,"href":"https:\/\/plater.edu.pl\/liceum\/wp-json\/wp\/v2\/posts\/6420\/revisions"}],"predecessor-version":[{"id":6421,"href":"https:\/\/plater.edu.pl\/liceum\/wp-json\/wp\/v2\/posts\/6420\/revisions\/6421"}],"wp:featuredmedia":[{"embeddable":true,"href":"https:\/\/plater.edu.pl\/liceum\/wp-json\/wp\/v2\/media\/6419"}],"wp:attachment":[{"href":"https:\/\/plater.edu.pl\/liceum\/wp-json\/wp\/v2\/media?parent=6420"}],"wp:term":[{"taxonomy":"category","embeddable":true,"href":"https:\/\/plater.edu.pl\/liceum\/wp-json\/wp\/v2\/categories?post=6420"},{"taxonomy":"post_tag","embeddable":true,"href":"https:\/\/plater.edu.pl\/liceum\/wp-json\/wp\/v2\/tags?post=6420"}],"curies":[{"name":"wp","href":"https:\/\/api.w.org\/{rel}","templated":true}]}}