{"id":6422,"date":"2025-12-04T08:24:09","date_gmt":"2025-12-04T07:24:09","guid":{"rendered":"https:\/\/plater.edu.pl\/liceum\/?p=6422"},"modified":"2025-12-04T08:24:57","modified_gmt":"2025-12-04T07:24:57","slug":"z-naukowa-wizyta-na-wydziale-historii-us","status":"publish","type":"post","link":"https:\/\/plater.edu.pl\/liceum\/2025\/12\/z-naukowa-wizyta-na-wydziale-historii-us\/","title":{"rendered":"Z naukow\u0105 wizyt\u0105 na Wydziale Historii U\u015a"},"content":{"rendered":"\n<p>\u201eGajusz Juliusz Cezar i jego epoka\u201d, taki tytu\u0142 nosi\u0142 cykl wyk\u0142ad\u00f3w otwartych na Wydziale Historii, w kt\u00f3rym uczestniczyli uczniowie klas 1d i 2d. Klasy prawne mia\u0142y okazje skonfrontowa\u0107 swoja wiedz\u0119 o staro\u017cytno\u015bci z informacjami przekazanymi przez pracownik\u00f3w Uniwersytetu \u015al\u0105skiego. A tematyka wyk\u0142ad\u00f3w by\u0142a bardzo szeroka, od wielkich wodz\u00f3w, co my\u015bleli jak tyrani, po przewrotne kobiety i oczywi\u015bcie nie zabrak\u0142o z\u0142otych motet. W imieniu uczni\u00f3w Plater mamy nadzieje, \u017ce takie podr\u00f3\u017ce w mroki historii jeszcze nam si\u0119 przydarz\u0105.<\/p>\n\n\n<div class=\"wp-block-image\">\n<figure class=\"aligncenter size-large\"><img loading=\"lazy\" decoding=\"async\" width=\"1024\" height=\"609\" src=\"https:\/\/plater.edu.pl\/liceum\/wp-content\/uploads\/2025\/12\/Wizyta_US_wydz_Hist_2025-1024x609.jpg\" alt=\"\" class=\"wp-image-6423\" srcset=\"https:\/\/plater.edu.pl\/liceum\/wp-content\/uploads\/2025\/12\/Wizyta_US_wydz_Hist_2025-1024x609.jpg 1024w, https:\/\/plater.edu.pl\/liceum\/wp-content\/uploads\/2025\/12\/Wizyta_US_wydz_Hist_2025-300x179.jpg 300w, https:\/\/plater.edu.pl\/liceum\/wp-content\/uploads\/2025\/12\/Wizyta_US_wydz_Hist_2025-768x457.jpg 768w, https:\/\/plater.edu.pl\/liceum\/wp-content\/uploads\/2025\/12\/Wizyta_US_wydz_Hist_2025-1536x914.jpg 1536w, https:\/\/plater.edu.pl\/liceum\/wp-content\/uploads\/2025\/12\/Wizyta_US_wydz_Hist_2025-2048x1219.jpg 2048w, https:\/\/plater.edu.pl\/liceum\/wp-content\/uploads\/2025\/12\/Wizyta_US_wydz_Hist_2025-150x89.jpg 150w, https:\/\/plater.edu.pl\/liceum\/wp-content\/uploads\/2025\/12\/Wizyta_US_wydz_Hist_2025-696x414.jpg 696w, https:\/\/plater.edu.pl\/liceum\/wp-content\/uploads\/2025\/12\/Wizyta_US_wydz_Hist_2025-1068x636.jpg 1068w, https:\/\/plater.edu.pl\/liceum\/wp-content\/uploads\/2025\/12\/Wizyta_US_wydz_Hist_2025-1920x1143.jpg 1920w\" sizes=\"auto, (max-width: 1024px) 100vw, 1024px\" \/><\/figure>\n<\/div>","protected":false},"excerpt":{"rendered":"<p>\u201eGajusz Juliusz Cezar i jego epoka\u201d, taki tytu\u0142 nosi\u0142 cykl wyk\u0142ad\u00f3w otwartych na Wydziale Historii, w kt\u00f3rym uczestniczyli uczniowie klas 1d i 2d. Klasy prawne mia\u0142y okazje skonfrontowa\u0107 swoja wiedz\u0119 o staro\u017cytno\u015bci z informacjami przekazanymi przez pracownik\u00f3w Uniwersytetu \u015al\u0105skiego. A tematyka wyk\u0142ad\u00f3w by\u0142a bardzo szeroka, od wielkich wodz\u00f3w, co my\u015bleli jak tyrani, po przewrotne kobiety [&hellip;]<\/p>\n","protected":false},"author":4,"featured_media":6423,"comment_status":"closed","ping_status":"open","sticky":false,"template":"","format":"standard","meta":{"_acf_changed":false,"_stopmodifiedupdate":false,"_modified_date":"","footnotes":""},"categories":[79,59],"tags":[],"class_list":{"0":"post-6422","1":"post","2":"type-post","3":"status-publish","4":"format-standard","5":"has-post-thumbnail","7":"category-wydarzenia","8":"category-wydarzenia-szkolne"},"acf":[],"_links":{"self":[{"href":"https:\/\/plater.edu.pl\/liceum\/wp-json\/wp\/v2\/posts\/6422","targetHints":{"allow":["GET"]}}],"collection":[{"href":"https:\/\/plater.edu.pl\/liceum\/wp-json\/wp\/v2\/posts"}],"about":[{"href":"https:\/\/plater.edu.pl\/liceum\/wp-json\/wp\/v2\/types\/post"}],"author":[{"embeddable":true,"href":"https:\/\/plater.edu.pl\/liceum\/wp-json\/wp\/v2\/users\/4"}],"replies":[{"embeddable":true,"href":"https:\/\/plater.edu.pl\/liceum\/wp-json\/wp\/v2\/comments?post=6422"}],"version-history":[{"count":2,"href":"https:\/\/plater.edu.pl\/liceum\/wp-json\/wp\/v2\/posts\/6422\/revisions"}],"predecessor-version":[{"id":6426,"href":"https:\/\/plater.edu.pl\/liceum\/wp-json\/wp\/v2\/posts\/6422\/revisions\/6426"}],"wp:featuredmedia":[{"embeddable":true,"href":"https:\/\/plater.edu.pl\/liceum\/wp-json\/wp\/v2\/media\/6423"}],"wp:attachment":[{"href":"https:\/\/plater.edu.pl\/liceum\/wp-json\/wp\/v2\/media?parent=6422"}],"wp:term":[{"taxonomy":"category","embeddable":true,"href":"https:\/\/plater.edu.pl\/liceum\/wp-json\/wp\/v2\/categories?post=6422"},{"taxonomy":"post_tag","embeddable":true,"href":"https:\/\/plater.edu.pl\/liceum\/wp-json\/wp\/v2\/tags?post=6422"}],"curies":[{"name":"wp","href":"https:\/\/api.w.org\/{rel}","templated":true}]}}