{"id":6475,"date":"2025-12-11T10:55:08","date_gmt":"2025-12-11T09:55:08","guid":{"rendered":"https:\/\/plater.edu.pl\/liceum\/?p=6475"},"modified":"2025-12-11T10:55:09","modified_gmt":"2025-12-11T09:55:09","slug":"platerianskie-mikolajki","status":"publish","type":"post","link":"https:\/\/plater.edu.pl\/liceum\/2025\/12\/platerianskie-mikolajki\/","title":{"rendered":"Plateria\u0144skie Miko\u0142ajki"},"content":{"rendered":"\n<p>W pi\u0105tek, 5 grudnia, odby\u0142y si\u0119 w naszej szkole pierwsze Plateria\u0144skie Miko\u0142ajki dla dzieci z pieczy zast\u0119pczej. By\u0142a to jedna z akcji realizowanych przez Plateria\u0144ski Wolontariat. Dzieci przyby\u0142y do nas na godzin\u0119 17.00 wraz ze swoimi opiekunami. Po przywitaniu naszych wspania\u0142ych go\u015bci przez Pani\u0105 Dyrektor Justyn\u0119 Tulick\u0105 oraz Przewodnicz\u0105cego Samorz\u0105du Uczniowskiego, Ksawerego Koszty\u0142\u0119 z klasy 3a, wszyscy za\u015bpiewali piosenk\u0119, aby przywo\u0142a\u0107 Miko\u0142aja.<br>Wtedy nast\u0105pi\u0142a najwa\u017cniejsza chwila tego wieczoru &#8211; rozdanie prezent\u00f3w. Reakcji dzieci nie oddadz\u0105 w pe\u0142ni s\u0142owa, by\u0142y zachwycone! W ich paczkach znalaz\u0142y si\u0119 s\u0142odycze, pluszaki oraz artyku\u0142y pi\u015bmiennicze. Po zachwycie and prezentami przyszed\u0142 czas na zabaw\u0119. Nasi szkolni animatorzy otoczyli dzieci wspania\u0142\u0105 opiek\u0105. Ta\u0144czyli\u015bmy w rytm piosenek \u015bwi\u0105tecznych, malowali\u015bmy choinkowe bombki, zaplatali\u015bmy kolorowe warkoczyki, malowali\u015bmy twarze i robili\u015bmy bransoletki. W mi\u0119dzyczasie nasi go\u015bcie cz\u0119stowali si\u0119 pysznymi ciastami upieczonymi przez naszych uczni\u00f3w. Ten pe\u0142en wspania\u0142ej pozytywnej \u015bwi\u0105tecznej energii wiecz\u00f3r zako\u0144czy\u0142 si\u0119 dwie godziny p\u00f3\u017aniej.<br>Dzi\u0119kujemy z ca\u0142ego serca naszym Platerianom za nieocenion\u0105 pomoc przy organizowaniu oraz przeprowadzaniu tego wydarzenia. Kolejny raz nasi uczniowie udowadniaj\u0105, \u017ce opr\u00f3cz wiedzy posiadaj\u0105 ogromn\u0105 ilo\u015b\u0107 empatii i dobrego serca. Dzi\u0119kujemy tak\u017ce Paniom koordynatorkom z sosnowieckiego O\u015brodka Pomocy Spo\u0142ecznej za przybycie i opiek\u0119 nad rodzinami.<\/p>\n\n\n\n<ul class=\"wp-block-list\">\n<li>Agnieszka G\u00f3rska- Karp<\/li>\n\n\n\n<li>Anna Kozio\u0142<\/li>\n\n\n\n<li>Kaja Jagoda &#8211; Ga\u0142a<\/li>\n\n\n\n<li>Ewelina Szczupider<\/li>\n\n\n\n<li>Barbara \u017buchowska<\/li>\n\n\n\n<li>Magdalena Szcz\u0119sna &#8211; Radosiewicz<\/li>\n\n\n\n<li>Dorota Kolano<\/li>\n\n\n\n<li>Aneta Juzo\u0144<\/li>\n<\/ul>\n\n\n\n<p>Dzi\u0119kujemy wszystkim Uczniom i Rodzicom, kt\u00f3rzy zaanga\u017cowali si\u0119 w przygotowanie tak wspania\u0142ych prezent\u00f3w.<br>Potrzeba bycia wra\u017cliwym na los innych jest jedn\u0105 z fundamentalnych w dzisiejszych, nie\u0142atwych, czasach kiedy \u0142atwo zapomnie\u0107, \u017ce kto\u015b obok nas potrzebuje wsparcia. Takie wydarzenia jednak nios\u0105 nadziej\u0119, \u017ce ludzi dobrej woli nigdy nie zabraknie.<\/p>\n\n\n<style type=\"text\/css\">\r\n\t#foogallery-gallery-6467 .fg-image {\r\n        width: 150px;\r\n    }\r\n<\/style>\r\n\t\t\t\t<div class=\"foogallery foogallery-container foogallery-default foogallery-lightbox-foogallery fg-gutter-10 fg-center fg-default fg-light fg-border-thin fg-shadow-outline fg-loading-default fg-loaded-fade-in fg-caption-hover fg-hover-fade fg-hover-zoom fg-ready\" id=\"foogallery-gallery-6467\" data-foogallery=\"{&quot;item&quot;:{&quot;showCaptionTitle&quot;:true,&quot;showCaptionDescription&quot;:true},&quot;lazy&quot;:true}\" data-foogallery-lightbox=\"{&quot;thumbs&quot;:&quot;bottom&quot;,&quot;thumbsCaptions&quot;:false,&quot;thumbsBestFit&quot;:false,&quot;thumbsSmall&quot;:false,&quot;thumbsCaptionsAlign&quot;:&quot;default&quot;,&quot;info&quot;:&quot;bottom&quot;,&quot;infoVisible&quot;:true,&quot;infoOverlay&quot;:true,&quot;infoAlign&quot;:&quot;default&quot;,&quot;transition&quot;:&quot;fade&quot;,&quot;hoverButtons&quot;:false,&quot;fitMedia&quot;:false,&quot;noScrollbars&quot;:true,&quot;preserveButtonSpace&quot;:true,&quot;buttons&quot;:{&quot;fullscreen&quot;:true,&quot;info&quot;:true,&quot;thumbs&quot;:false},&quot;video&quot;:{&quot;autoPlay&quot;:true}}\" >\r\n\t<div class=\"fg-item fg-type-image fg-idle\"><figure class=\"fg-item-inner\"><a href=\"https:\/\/plater.edu.pl\/liceum\/wp-content\/uploads\/2025\/12\/Plat_mikol_2025-1.jpg\" data-attachment-id=\"6469\" data-type=\"image\" class=\"fg-thumb\"><span class=\"fg-image-wrap\"><img decoding=\"async\" width=\"150\" height=\"150\" class=\"skip-lazy fg-image\" data-src-fg=\"https:\/\/plater.edu.pl\/liceum\/wp-content\/uploads\/cache\/2025\/12\/Plat_mikol_2025-1\/2571206301.jpg\" src=\"data:image\/svg+xml,%3Csvg%20xmlns%3D%22http%3A%2F%2Fwww.w3.org%2F2000%2Fsvg%22%20width%3D%22150%22%20height%3D%22150%22%20viewBox%3D%220%200%20150%20150%22%3E%3C%2Fsvg%3E\" loading=\"eager\"><\/span><span class=\"fg-image-overlay\"><\/span><\/a><figcaption class=\"fg-caption\"><div class=\"fg-caption-inner\"><\/div><\/figcaption><\/figure><div class=\"fg-loader\"><\/div><\/div><div class=\"fg-item fg-type-image fg-idle\"><figure class=\"fg-item-inner\"><a href=\"https:\/\/plater.edu.pl\/liceum\/wp-content\/uploads\/2025\/12\/Plat_mikol_2025-2.jpg\" data-attachment-id=\"6470\" data-type=\"image\" class=\"fg-thumb\"><span class=\"fg-image-wrap\"><img decoding=\"async\" width=\"150\" height=\"150\" class=\"skip-lazy fg-image\" data-src-fg=\"https:\/\/plater.edu.pl\/liceum\/wp-content\/uploads\/cache\/2025\/12\/Plat_mikol_2025-2\/3820498241.jpg\" src=\"data:image\/svg+xml,%3Csvg%20xmlns%3D%22http%3A%2F%2Fwww.w3.org%2F2000%2Fsvg%22%20width%3D%22150%22%20height%3D%22150%22%20viewBox%3D%220%200%20150%20150%22%3E%3C%2Fsvg%3E\" loading=\"eager\"><\/span><span class=\"fg-image-overlay\"><\/span><\/a><figcaption class=\"fg-caption\"><div class=\"fg-caption-inner\"><\/div><\/figcaption><\/figure><div class=\"fg-loader\"><\/div><\/div><div class=\"fg-item fg-type-image fg-idle\"><figure class=\"fg-item-inner\"><a href=\"https:\/\/plater.edu.pl\/liceum\/wp-content\/uploads\/2025\/12\/Plat_mikol_2025-3.jpg\" data-attachment-id=\"6471\" data-type=\"image\" class=\"fg-thumb\"><span class=\"fg-image-wrap\"><img decoding=\"async\" width=\"150\" height=\"150\" class=\"skip-lazy fg-image\" data-src-fg=\"https:\/\/plater.edu.pl\/liceum\/wp-content\/uploads\/cache\/2025\/12\/Plat_mikol_2025-3\/3353040180.jpg\" src=\"data:image\/svg+xml,%3Csvg%20xmlns%3D%22http%3A%2F%2Fwww.w3.org%2F2000%2Fsvg%22%20width%3D%22150%22%20height%3D%22150%22%20viewBox%3D%220%200%20150%20150%22%3E%3C%2Fsvg%3E\" loading=\"eager\"><\/span><span class=\"fg-image-overlay\"><\/span><\/a><figcaption class=\"fg-caption\"><div class=\"fg-caption-inner\"><\/div><\/figcaption><\/figure><div class=\"fg-loader\"><\/div><\/div><div class=\"fg-item fg-type-image fg-idle\"><figure class=\"fg-item-inner\"><a href=\"https:\/\/plater.edu.pl\/liceum\/wp-content\/uploads\/2025\/12\/Plat_mikol_2025-4.jpg\" data-attachment-id=\"6472\" data-type=\"image\" class=\"fg-thumb\"><span class=\"fg-image-wrap\"><img decoding=\"async\" width=\"150\" height=\"150\" class=\"skip-lazy fg-image\" data-src-fg=\"https:\/\/plater.edu.pl\/liceum\/wp-content\/uploads\/cache\/2025\/12\/Plat_mikol_2025-4\/791991121.jpg\" src=\"data:image\/svg+xml,%3Csvg%20xmlns%3D%22http%3A%2F%2Fwww.w3.org%2F2000%2Fsvg%22%20width%3D%22150%22%20height%3D%22150%22%20viewBox%3D%220%200%20150%20150%22%3E%3C%2Fsvg%3E\" loading=\"eager\"><\/span><span class=\"fg-image-overlay\"><\/span><\/a><figcaption class=\"fg-caption\"><div class=\"fg-caption-inner\"><\/div><\/figcaption><\/figure><div class=\"fg-loader\"><\/div><\/div><div class=\"fg-item fg-type-image fg-idle\"><figure class=\"fg-item-inner\"><a href=\"https:\/\/plater.edu.pl\/liceum\/wp-content\/uploads\/2025\/12\/Plat_mikol_2025-5.jpg\" data-attachment-id=\"6473\" data-type=\"image\" class=\"fg-thumb\"><span class=\"fg-image-wrap\"><img decoding=\"async\" width=\"150\" height=\"150\" class=\"skip-lazy fg-image\" data-src-fg=\"https:\/\/plater.edu.pl\/liceum\/wp-content\/uploads\/cache\/2025\/12\/Plat_mikol_2025-5\/190294820.jpg\" src=\"data:image\/svg+xml,%3Csvg%20xmlns%3D%22http%3A%2F%2Fwww.w3.org%2F2000%2Fsvg%22%20width%3D%22150%22%20height%3D%22150%22%20viewBox%3D%220%200%20150%20150%22%3E%3C%2Fsvg%3E\" loading=\"eager\"><\/span><span class=\"fg-image-overlay\"><\/span><\/a><figcaption class=\"fg-caption\"><div class=\"fg-caption-inner\"><\/div><\/figcaption><\/figure><div class=\"fg-loader\"><\/div><\/div><div class=\"fg-item fg-type-image fg-idle\"><figure class=\"fg-item-inner\"><a href=\"https:\/\/plater.edu.pl\/liceum\/wp-content\/uploads\/2025\/12\/Plat_mikol_2025-6.jpg\" data-attachment-id=\"6474\" data-type=\"image\" class=\"fg-thumb\"><span class=\"fg-image-wrap\"><img decoding=\"async\" width=\"150\" height=\"150\" class=\"skip-lazy fg-image\" data-src-fg=\"https:\/\/plater.edu.pl\/liceum\/wp-content\/uploads\/cache\/2025\/12\/Plat_mikol_2025-6\/1916128405.jpg\" src=\"data:image\/svg+xml,%3Csvg%20xmlns%3D%22http%3A%2F%2Fwww.w3.org%2F2000%2Fsvg%22%20width%3D%22150%22%20height%3D%22150%22%20viewBox%3D%220%200%20150%20150%22%3E%3C%2Fsvg%3E\" loading=\"eager\"><\/span><span class=\"fg-image-overlay\"><\/span><\/a><figcaption class=\"fg-caption\"><div class=\"fg-caption-inner\"><\/div><\/figcaption><\/figure><div class=\"fg-loader\"><\/div><\/div><\/div>\r\n\n","protected":false},"excerpt":{"rendered":"<p>W pi\u0105tek, 5 grudnia, odby\u0142y si\u0119 w naszej szkole pierwsze Plateria\u0144skie Miko\u0142ajki dla dzieci z pieczy zast\u0119pczej. By\u0142a to jedna z akcji realizowanych przez Plateria\u0144ski Wolontariat. Dzieci przyby\u0142y do nas na godzin\u0119 17.00 wraz ze swoimi opiekunami. Po przywitaniu naszych wspania\u0142ych go\u015bci przez Pani\u0105 Dyrektor Justyn\u0119 Tulick\u0105 oraz Przewodnicz\u0105cego Samorz\u0105du Uczniowskiego, Ksawerego Koszty\u0142\u0119 z klasy [&hellip;]<\/p>\n","protected":false},"author":4,"featured_media":6471,"comment_status":"closed","ping_status":"open","sticky":false,"template":"","format":"standard","meta":{"_acf_changed":false,"_stopmodifiedupdate":false,"_modified_date":"","footnotes":""},"categories":[79,59],"tags":[],"class_list":{"0":"post-6475","1":"post","2":"type-post","3":"status-publish","4":"format-standard","5":"has-post-thumbnail","7":"category-wydarzenia","8":"category-wydarzenia-szkolne"},"acf":[],"_links":{"self":[{"href":"https:\/\/plater.edu.pl\/liceum\/wp-json\/wp\/v2\/posts\/6475","targetHints":{"allow":["GET"]}}],"collection":[{"href":"https:\/\/plater.edu.pl\/liceum\/wp-json\/wp\/v2\/posts"}],"about":[{"href":"https:\/\/plater.edu.pl\/liceum\/wp-json\/wp\/v2\/types\/post"}],"author":[{"embeddable":true,"href":"https:\/\/plater.edu.pl\/liceum\/wp-json\/wp\/v2\/users\/4"}],"replies":[{"embeddable":true,"href":"https:\/\/plater.edu.pl\/liceum\/wp-json\/wp\/v2\/comments?post=6475"}],"version-history":[{"count":1,"href":"https:\/\/plater.edu.pl\/liceum\/wp-json\/wp\/v2\/posts\/6475\/revisions"}],"predecessor-version":[{"id":6476,"href":"https:\/\/plater.edu.pl\/liceum\/wp-json\/wp\/v2\/posts\/6475\/revisions\/6476"}],"wp:featuredmedia":[{"embeddable":true,"href":"https:\/\/plater.edu.pl\/liceum\/wp-json\/wp\/v2\/media\/6471"}],"wp:attachment":[{"href":"https:\/\/plater.edu.pl\/liceum\/wp-json\/wp\/v2\/media?parent=6475"}],"wp:term":[{"taxonomy":"category","embeddable":true,"href":"https:\/\/plater.edu.pl\/liceum\/wp-json\/wp\/v2\/categories?post=6475"},{"taxonomy":"post_tag","embeddable":true,"href":"https:\/\/plater.edu.pl\/liceum\/wp-json\/wp\/v2\/tags?post=6475"}],"curies":[{"name":"wp","href":"https:\/\/api.w.org\/{rel}","templated":true}]}}