{"id":6478,"date":"2025-12-11T19:59:14","date_gmt":"2025-12-11T18:59:14","guid":{"rendered":"https:\/\/plater.edu.pl\/liceum\/?p=6478"},"modified":"2025-12-11T19:59:46","modified_gmt":"2025-12-11T18:59:46","slug":"plateranskie-koledowanie-4","status":"publish","type":"post","link":"https:\/\/plater.edu.pl\/liceum\/2025\/12\/plateranskie-koledowanie-4\/","title":{"rendered":"Platera\u0144skie kol\u0119dowanie"},"content":{"rendered":"\n<p>Serdecznie zapraszamy ca\u0142\u0105 spo\u0142eczno\u015b\u0107 naszego liceum na wsp\u00f3lne kol\u0119dowanie<\/p>\n\n\n\n<p>Ju\u017c 18 grudnia o godz. 9.00 spotkamy si\u0119 w Sali Koncertowej Zespo\u0142u Szk\u00f3\u0142 Muzycznych przy <a><\/a>ulicy Wawel 2 w Sosnowcu, aby razem, w \u015bwi\u0105tecznej atmosferze, \u015bpiewa\u0107 najpi\u0119kniejsze polskie kol\u0119dy i celebrowa\u0107 magi\u0119 nadchodz\u0105cych \u015awi\u0105t Bo\u017cego Narodzenia.<\/p>\n\n\n\n<p>Niech to radosne spotkanie b\u0119dzie okazj\u0105 do integracji, wzrusze\u0144 i budowania bo\u017conarodzeniowego nastroju. Przyjd\u017acie \u2013 z u\u015bmiechem, otwarto\u015bci\u0105 i gotowo\u015bci\u0105 do wsp\u00f3lnego \u015bpiewu!<\/p>\n\n\n\n<p>Do zobaczenia<\/p>\n\n\n<div class=\"wp-block-image\">\n<figure class=\"aligncenter size-large\"><img loading=\"lazy\" decoding=\"async\" width=\"724\" height=\"1024\" src=\"https:\/\/plater.edu.pl\/liceum\/wp-content\/uploads\/2025\/12\/Plateranskie-Koledowanie-2025-724x1024.jpg\" alt=\"\" class=\"wp-image-6479\" srcset=\"https:\/\/plater.edu.pl\/liceum\/wp-content\/uploads\/2025\/12\/Plateranskie-Koledowanie-2025-724x1024.jpg 724w, https:\/\/plater.edu.pl\/liceum\/wp-content\/uploads\/2025\/12\/Plateranskie-Koledowanie-2025-212x300.jpg 212w, https:\/\/plater.edu.pl\/liceum\/wp-content\/uploads\/2025\/12\/Plateranskie-Koledowanie-2025-768x1086.jpg 768w, https:\/\/plater.edu.pl\/liceum\/wp-content\/uploads\/2025\/12\/Plateranskie-Koledowanie-2025-1086x1536.jpg 1086w, https:\/\/plater.edu.pl\/liceum\/wp-content\/uploads\/2025\/12\/Plateranskie-Koledowanie-2025-150x212.jpg 150w, https:\/\/plater.edu.pl\/liceum\/wp-content\/uploads\/2025\/12\/Plateranskie-Koledowanie-2025-300x424.jpg 300w, https:\/\/plater.edu.pl\/liceum\/wp-content\/uploads\/2025\/12\/Plateranskie-Koledowanie-2025-696x984.jpg 696w, https:\/\/plater.edu.pl\/liceum\/wp-content\/uploads\/2025\/12\/Plateranskie-Koledowanie-2025-1068x1510.jpg 1068w, https:\/\/plater.edu.pl\/liceum\/wp-content\/uploads\/2025\/12\/Plateranskie-Koledowanie-2025.jpg 1191w\" sizes=\"auto, (max-width: 724px) 100vw, 724px\" \/><\/figure>\n<\/div>","protected":false},"excerpt":{"rendered":"<p>Serdecznie zapraszamy ca\u0142\u0105 spo\u0142eczno\u015b\u0107 naszego liceum na wsp\u00f3lne kol\u0119dowanie Ju\u017c 18 grudnia o godz. 9.00 spotkamy si\u0119 w Sali Koncertowej Zespo\u0142u Szk\u00f3\u0142 Muzycznych przy ulicy Wawel 2 w Sosnowcu, aby razem, w \u015bwi\u0105tecznej atmosferze, \u015bpiewa\u0107 najpi\u0119kniejsze polskie kol\u0119dy i celebrowa\u0107 magi\u0119 nadchodz\u0105cych \u015awi\u0105t Bo\u017cego Narodzenia. Niech to radosne spotkanie b\u0119dzie okazj\u0105 do integracji, wzrusze\u0144 i [&hellip;]<\/p>\n","protected":false},"author":1,"featured_media":6479,"comment_status":"closed","ping_status":"open","sticky":false,"template":"","format":"standard","meta":{"_acf_changed":false,"_stopmodifiedupdate":false,"_modified_date":"","footnotes":""},"categories":[82,59],"tags":[],"class_list":{"0":"post-6478","1":"post","2":"type-post","3":"status-publish","4":"format-standard","5":"has-post-thumbnail","7":"category-akcje","8":"category-wydarzenia-szkolne"},"acf":[],"_links":{"self":[{"href":"https:\/\/plater.edu.pl\/liceum\/wp-json\/wp\/v2\/posts\/6478","targetHints":{"allow":["GET"]}}],"collection":[{"href":"https:\/\/plater.edu.pl\/liceum\/wp-json\/wp\/v2\/posts"}],"about":[{"href":"https:\/\/plater.edu.pl\/liceum\/wp-json\/wp\/v2\/types\/post"}],"author":[{"embeddable":true,"href":"https:\/\/plater.edu.pl\/liceum\/wp-json\/wp\/v2\/users\/1"}],"replies":[{"embeddable":true,"href":"https:\/\/plater.edu.pl\/liceum\/wp-json\/wp\/v2\/comments?post=6478"}],"version-history":[{"count":2,"href":"https:\/\/plater.edu.pl\/liceum\/wp-json\/wp\/v2\/posts\/6478\/revisions"}],"predecessor-version":[{"id":6481,"href":"https:\/\/plater.edu.pl\/liceum\/wp-json\/wp\/v2\/posts\/6478\/revisions\/6481"}],"wp:featuredmedia":[{"embeddable":true,"href":"https:\/\/plater.edu.pl\/liceum\/wp-json\/wp\/v2\/media\/6479"}],"wp:attachment":[{"href":"https:\/\/plater.edu.pl\/liceum\/wp-json\/wp\/v2\/media?parent=6478"}],"wp:term":[{"taxonomy":"category","embeddable":true,"href":"https:\/\/plater.edu.pl\/liceum\/wp-json\/wp\/v2\/categories?post=6478"},{"taxonomy":"post_tag","embeddable":true,"href":"https:\/\/plater.edu.pl\/liceum\/wp-json\/wp\/v2\/tags?post=6478"}],"curies":[{"name":"wp","href":"https:\/\/api.w.org\/{rel}","templated":true}]}}