{"id":6516,"date":"2026-01-06T17:17:48","date_gmt":"2026-01-06T16:17:48","guid":{"rendered":"https:\/\/plater.edu.pl\/liceum\/?p=6516"},"modified":"2026-01-06T17:17:50","modified_gmt":"2026-01-06T16:17:50","slug":"lista-laureatow-vi-wojewodzkiego-konkursu-jezyka-angielskiego-pokaz-nam-swoj-jezyk-bez-granic","status":"publish","type":"post","link":"https:\/\/plater.edu.pl\/liceum\/2026\/01\/lista-laureatow-vi-wojewodzkiego-konkursu-jezyka-angielskiego-pokaz-nam-swoj-jezyk-bez-granic\/","title":{"rendered":"Lista laureat\u00f3w \u00a0VI Wojew\u00f3dzkiego Konkursu J\u0119zyka Angielskiego &#8222;Poka\u017c nam sw\u00f3j j\u0119zyk bez granic&#8221;"},"content":{"rendered":"\n<p>Oto lista laureat\u00f3w &nbsp;VI Wojew\u00f3dzkiego Konkursu J\u0119zyka Angielskiego &#8222;Poka\u017c nam sw\u00f3j j\u0119zyk bez granic&#8221; organizowanego przez nasze liceum dla uczni\u00f3w klas VIII szk\u00f3\u0142 podstawowych:<\/p>\n\n\n\n<p>Laureatka I miejsca: Alicja Wielgosik ze Szko\u0142y Podstawowej nr 3 im. J. Korczaka w Czeladzi<\/p>\n\n\n\n<p>Laureat II miejsca: Patryk Sroka ze Szko\u0142y Podstawowej nr 22 im. M. Sk\u0142odowskiej &#8211; Curie w D\u0105browie G\u00f3rniczej<\/p>\n\n\n\n<p>Dw\u00f3ch r\u00f3wnorz\u0119dnych laureat\u00f3w III miejsca:<\/p>\n\n\n\n<p>Laureatka III miejsca: Aleksandra Niemiec ze Szko\u0142y Podstawowej nr 39 im. K. Makuszy\u0144skiego w Zespole Szkolno-Przedszkolnym nr 4 w Sosnowcu<\/p>\n\n\n\n<p>Laureat III miejsca: Jakub Gawle ze Szko\u0142y Podstawowej nr 35 im. Armii Krajowej w Sosnowcu<\/p>\n\n\n\n<p>Wszystkich laureat\u00f3w wraz ze swoimi opiekunami zaprosimy na gal\u0119 fina\u0142ow\u0105. Informacje o tym wydarzeniu przeka\u017cemy bezpo\u015brednio szko\u0142om laureat\u00f3w.<\/p>\n\n\n\n<p>Serdecznie gratulujemy!<\/p>\n","protected":false},"excerpt":{"rendered":"<p>Oto lista laureat\u00f3w &nbsp;VI Wojew\u00f3dzkiego Konkursu J\u0119zyka Angielskiego &#8222;Poka\u017c nam sw\u00f3j j\u0119zyk bez granic&#8221; organizowanego przez nasze liceum dla uczni\u00f3w klas VIII szk\u00f3\u0142 podstawowych: Laureatka I miejsca: Alicja Wielgosik ze Szko\u0142y Podstawowej nr 3 im. J. Korczaka w Czeladzi Laureat II miejsca: Patryk Sroka ze Szko\u0142y Podstawowej nr 22 im. M. Sk\u0142odowskiej &#8211; Curie w [&hellip;]<\/p>\n","protected":false},"author":4,"featured_media":6517,"comment_status":"closed","ping_status":"open","sticky":false,"template":"","format":"standard","meta":{"_acf_changed":false,"_stopmodifiedupdate":false,"_modified_date":"","footnotes":""},"categories":[84,133,79],"tags":[],"class_list":{"0":"post-6516","1":"post","2":"type-post","3":"status-publish","4":"format-standard","5":"has-post-thumbnail","7":"category-konkursy","8":"category-pokaz-nam-swoj-jezyk","9":"category-wydarzenia"},"acf":[],"_links":{"self":[{"href":"https:\/\/plater.edu.pl\/liceum\/wp-json\/wp\/v2\/posts\/6516","targetHints":{"allow":["GET"]}}],"collection":[{"href":"https:\/\/plater.edu.pl\/liceum\/wp-json\/wp\/v2\/posts"}],"about":[{"href":"https:\/\/plater.edu.pl\/liceum\/wp-json\/wp\/v2\/types\/post"}],"author":[{"embeddable":true,"href":"https:\/\/plater.edu.pl\/liceum\/wp-json\/wp\/v2\/users\/4"}],"replies":[{"embeddable":true,"href":"https:\/\/plater.edu.pl\/liceum\/wp-json\/wp\/v2\/comments?post=6516"}],"version-history":[{"count":1,"href":"https:\/\/plater.edu.pl\/liceum\/wp-json\/wp\/v2\/posts\/6516\/revisions"}],"predecessor-version":[{"id":6518,"href":"https:\/\/plater.edu.pl\/liceum\/wp-json\/wp\/v2\/posts\/6516\/revisions\/6518"}],"wp:featuredmedia":[{"embeddable":true,"href":"https:\/\/plater.edu.pl\/liceum\/wp-json\/wp\/v2\/media\/6517"}],"wp:attachment":[{"href":"https:\/\/plater.edu.pl\/liceum\/wp-json\/wp\/v2\/media?parent=6516"}],"wp:term":[{"taxonomy":"category","embeddable":true,"href":"https:\/\/plater.edu.pl\/liceum\/wp-json\/wp\/v2\/categories?post=6516"},{"taxonomy":"post_tag","embeddable":true,"href":"https:\/\/plater.edu.pl\/liceum\/wp-json\/wp\/v2\/tags?post=6516"}],"curies":[{"name":"wp","href":"https:\/\/api.w.org\/{rel}","templated":true}]}}