{"id":6598,"date":"2026-01-26T08:36:14","date_gmt":"2026-01-26T07:36:14","guid":{"rendered":"https:\/\/plater.edu.pl\/liceum\/?p=6598"},"modified":"2026-01-27T22:01:50","modified_gmt":"2026-01-27T21:01:50","slug":"mlody-oboista-z-plater-na-scenie-palacu-mlodziezy-w-katowicach","status":"publish","type":"post","link":"https:\/\/plater.edu.pl\/liceum\/2026\/01\/mlody-oboista-z-plater-na-scenie-palacu-mlodziezy-w-katowicach\/","title":{"rendered":"Plater na scenie Pa\u0142acu M\u0142odzie\u017cy w Katowicach"},"content":{"rendered":"\n<p>23 stycznia 2026 roku w Pa\u0142acu M\u0142odzie\u017cy w Katowicach odby\u0142 si\u0119 koncert charytatywny<br>\u201eKol\u0119dy, Pastora\u0142ki i nie tylko\u2026\u201d, po\u0142\u0105czony ze zbi\u00f3rk\u0105 na rzecz Domu Anio\u0142\u00f3w Str\u00f3\u017c\u00f3w.<br>W\u015br\u00f3d muzyk\u00f3w orkiestry wyst\u0105pi\u0142 ucze\u0144 naszej szko\u0142y \u2013 Szymon Sosnal, tegoroczny maturzysta z II LO z Oddzia\u0142ami Dwuj\u0119zycznymi im. E. Plater w Sosnowcu, kt\u00f3ry zagra\u0142 parti\u0119 oboju oraz wyst\u0105pi\u0142 r\u00f3wnie\u017c\u00a0Szymon\u00a0Piotrowski, ucze\u0144 klasy 3 B II LO i jednocze\u015bnie ucze\u0144 Szko\u0142y Muzycznej II\u00a0Stopnia w Sosnowcu,\u00a0oboista.\u00a0<br>Koncert zgromadzi\u0142 licznych mi\u0142o\u015bnik\u00f3w muzyki i sta\u0142 si\u0119 nie tylko wydarzeniem artystycznym, ale r\u00f3wnie\u017c pi\u0119knym gestem solidarno\u015bci i pomocy potrzebuj\u0105cym.<br>Cieszymy si\u0119, \u017ce uczniowie Plater z pasj\u0105 rozwijaj\u0105 swoje talenty artystyczne, a jednocze\u015bnie anga\u017cuj\u0105 si\u0119 w dzia\u0142ania charytatywne, pokazuj\u0105c, \u017ce muzyka mo\u017ce nie\u015b\u0107 dobro i \u0142\u0105czy\u0107 ludzi.<br>Gratulujemy Szymonowi wspania\u0142ego wyst\u0119pu i dzi\u0119kujemy za godne reprezentowanie naszej szko\u0142y!<\/p>\n\n\n<style type=\"text\/css\">\r\n\t#foogallery-gallery-6591 .fg-image {\r\n        width: 150px;\r\n    }\r\n<\/style>\r\n\t\t\t\t<div class=\"foogallery foogallery-container foogallery-default foogallery-lightbox-foogallery fg-gutter-10 fg-center fg-default fg-light fg-border-thin fg-shadow-outline fg-loading-default fg-loaded-fade-in fg-caption-hover fg-hover-fade fg-hover-zoom fg-ready\" id=\"foogallery-gallery-6591\" data-foogallery=\"{&quot;item&quot;:{&quot;showCaptionTitle&quot;:true,&quot;showCaptionDescription&quot;:true},&quot;lazy&quot;:true}\" data-foogallery-lightbox=\"{&quot;thumbs&quot;:&quot;bottom&quot;,&quot;thumbsCaptions&quot;:false,&quot;thumbsBestFit&quot;:false,&quot;thumbsSmall&quot;:false,&quot;thumbsCaptionsAlign&quot;:&quot;default&quot;,&quot;info&quot;:&quot;bottom&quot;,&quot;infoVisible&quot;:true,&quot;infoOverlay&quot;:true,&quot;infoAlign&quot;:&quot;default&quot;,&quot;transition&quot;:&quot;fade&quot;,&quot;hoverButtons&quot;:false,&quot;fitMedia&quot;:false,&quot;noScrollbars&quot;:true,&quot;preserveButtonSpace&quot;:true,&quot;buttons&quot;:{&quot;fullscreen&quot;:true,&quot;info&quot;:true,&quot;thumbs&quot;:false},&quot;video&quot;:{&quot;autoPlay&quot;:true}}\" >\r\n\t<div class=\"fg-item fg-type-image fg-idle\"><figure class=\"fg-item-inner\"><a href=\"https:\/\/plater.edu.pl\/liceum\/wp-content\/uploads\/2026\/01\/Mlody_Obista_2-scaled.jpg\" data-attachment-id=\"6593\" data-type=\"image\" class=\"fg-thumb\"><span class=\"fg-image-wrap\"><img decoding=\"async\" width=\"150\" height=\"150\" class=\"skip-lazy fg-image\" data-src-fg=\"https:\/\/plater.edu.pl\/liceum\/wp-content\/uploads\/cache\/2026\/01\/Mlody_Obista_2-scaled\/1474051750.jpg\" src=\"data:image\/svg+xml,%3Csvg%20xmlns%3D%22http%3A%2F%2Fwww.w3.org%2F2000%2Fsvg%22%20width%3D%22150%22%20height%3D%22150%22%20viewBox%3D%220%200%20150%20150%22%3E%3C%2Fsvg%3E\" loading=\"eager\"><\/span><span class=\"fg-image-overlay\"><\/span><\/a><figcaption class=\"fg-caption\"><div class=\"fg-caption-inner\"><\/div><\/figcaption><\/figure><div class=\"fg-loader\"><\/div><\/div><div class=\"fg-item fg-type-image fg-idle\"><figure class=\"fg-item-inner\"><a href=\"https:\/\/plater.edu.pl\/liceum\/wp-content\/uploads\/2026\/01\/Mlody_Obista_3-scaled.jpg\" data-attachment-id=\"6594\" data-type=\"image\" class=\"fg-thumb\"><span class=\"fg-image-wrap\"><img decoding=\"async\" width=\"150\" height=\"150\" class=\"skip-lazy fg-image\" data-src-fg=\"https:\/\/plater.edu.pl\/liceum\/wp-content\/uploads\/cache\/2026\/01\/Mlody_Obista_3-scaled\/268239705.jpg\" src=\"data:image\/svg+xml,%3Csvg%20xmlns%3D%22http%3A%2F%2Fwww.w3.org%2F2000%2Fsvg%22%20width%3D%22150%22%20height%3D%22150%22%20viewBox%3D%220%200%20150%20150%22%3E%3C%2Fsvg%3E\" loading=\"eager\"><\/span><span class=\"fg-image-overlay\"><\/span><\/a><figcaption class=\"fg-caption\"><div class=\"fg-caption-inner\"><\/div><\/figcaption><\/figure><div class=\"fg-loader\"><\/div><\/div><div class=\"fg-item fg-type-image fg-idle\"><figure class=\"fg-item-inner\"><a href=\"https:\/\/plater.edu.pl\/liceum\/wp-content\/uploads\/2026\/01\/Mlody_Obista_4-scaled.jpg\" data-attachment-id=\"6595\" data-type=\"image\" class=\"fg-thumb\"><span class=\"fg-image-wrap\"><img decoding=\"async\" width=\"150\" height=\"150\" class=\"skip-lazy fg-image\" data-src-fg=\"https:\/\/plater.edu.pl\/liceum\/wp-content\/uploads\/cache\/2026\/01\/Mlody_Obista_4-scaled\/2072638943.jpg\" src=\"data:image\/svg+xml,%3Csvg%20xmlns%3D%22http%3A%2F%2Fwww.w3.org%2F2000%2Fsvg%22%20width%3D%22150%22%20height%3D%22150%22%20viewBox%3D%220%200%20150%20150%22%3E%3C%2Fsvg%3E\" loading=\"eager\"><\/span><span class=\"fg-image-overlay\"><\/span><\/a><figcaption class=\"fg-caption\"><div class=\"fg-caption-inner\"><\/div><\/figcaption><\/figure><div class=\"fg-loader\"><\/div><\/div><div class=\"fg-item fg-type-image fg-idle\"><figure class=\"fg-item-inner\"><a href=\"https:\/\/plater.edu.pl\/liceum\/wp-content\/uploads\/2026\/01\/Mlody_Obista_5-scaled.jpg\" data-attachment-id=\"6596\" data-type=\"image\" class=\"fg-thumb\"><span class=\"fg-image-wrap\"><img decoding=\"async\" width=\"150\" height=\"150\" class=\"skip-lazy fg-image\" data-src-fg=\"https:\/\/plater.edu.pl\/liceum\/wp-content\/uploads\/cache\/2026\/01\/Mlody_Obista_5-scaled\/681386706.jpg\" src=\"data:image\/svg+xml,%3Csvg%20xmlns%3D%22http%3A%2F%2Fwww.w3.org%2F2000%2Fsvg%22%20width%3D%22150%22%20height%3D%22150%22%20viewBox%3D%220%200%20150%20150%22%3E%3C%2Fsvg%3E\" loading=\"eager\"><\/span><span class=\"fg-image-overlay\"><\/span><\/a><figcaption class=\"fg-caption\"><div class=\"fg-caption-inner\"><\/div><\/figcaption><\/figure><div class=\"fg-loader\"><\/div><\/div><div class=\"fg-item fg-type-image fg-idle\"><figure class=\"fg-item-inner\"><a href=\"https:\/\/plater.edu.pl\/liceum\/wp-content\/uploads\/2026\/01\/Mlody_Obista_1-scaled.jpg\" data-attachment-id=\"6592\" data-type=\"image\" class=\"fg-thumb\"><span class=\"fg-image-wrap\"><img decoding=\"async\" width=\"150\" height=\"150\" class=\"skip-lazy fg-image\" data-src-fg=\"https:\/\/plater.edu.pl\/liceum\/wp-content\/uploads\/cache\/2026\/01\/Mlody_Obista_1-scaled\/2849287491.jpg\" src=\"data:image\/svg+xml,%3Csvg%20xmlns%3D%22http%3A%2F%2Fwww.w3.org%2F2000%2Fsvg%22%20width%3D%22150%22%20height%3D%22150%22%20viewBox%3D%220%200%20150%20150%22%3E%3C%2Fsvg%3E\" loading=\"eager\"><\/span><span class=\"fg-image-overlay\"><\/span><\/a><figcaption class=\"fg-caption\"><div class=\"fg-caption-inner\"><\/div><\/figcaption><\/figure><div class=\"fg-loader\"><\/div><\/div><\/div>\r\n\n","protected":false},"excerpt":{"rendered":"<p>23 stycznia 2026 roku w Pa\u0142acu M\u0142odzie\u017cy w Katowicach odby\u0142 si\u0119 koncert charytatywny\u201eKol\u0119dy, Pastora\u0142ki i nie tylko\u2026\u201d, po\u0142\u0105czony ze zbi\u00f3rk\u0105 na rzecz Domu Anio\u0142\u00f3w Str\u00f3\u017c\u00f3w.W\u015br\u00f3d muzyk\u00f3w orkiestry wyst\u0105pi\u0142 ucze\u0144 naszej szko\u0142y \u2013 Szymon Sosnal, tegoroczny maturzysta z II LO z Oddzia\u0142ami Dwuj\u0119zycznymi im. E. Plater w Sosnowcu, kt\u00f3ry zagra\u0142 parti\u0119 oboju oraz wyst\u0105pi\u0142 r\u00f3wnie\u017c\u00a0Szymon\u00a0Piotrowski, ucze\u0144 [&hellip;]<\/p>\n","protected":false},"author":4,"featured_media":6594,"comment_status":"closed","ping_status":"open","sticky":false,"template":"","format":"standard","meta":{"_acf_changed":false,"_stopmodifiedupdate":false,"_modified_date":"","footnotes":""},"categories":[79,59],"tags":[],"class_list":{"0":"post-6598","1":"post","2":"type-post","3":"status-publish","4":"format-standard","5":"has-post-thumbnail","7":"category-wydarzenia","8":"category-wydarzenia-szkolne"},"acf":[],"_links":{"self":[{"href":"https:\/\/plater.edu.pl\/liceum\/wp-json\/wp\/v2\/posts\/6598","targetHints":{"allow":["GET"]}}],"collection":[{"href":"https:\/\/plater.edu.pl\/liceum\/wp-json\/wp\/v2\/posts"}],"about":[{"href":"https:\/\/plater.edu.pl\/liceum\/wp-json\/wp\/v2\/types\/post"}],"author":[{"embeddable":true,"href":"https:\/\/plater.edu.pl\/liceum\/wp-json\/wp\/v2\/users\/4"}],"replies":[{"embeddable":true,"href":"https:\/\/plater.edu.pl\/liceum\/wp-json\/wp\/v2\/comments?post=6598"}],"version-history":[{"count":3,"href":"https:\/\/plater.edu.pl\/liceum\/wp-json\/wp\/v2\/posts\/6598\/revisions"}],"predecessor-version":[{"id":6605,"href":"https:\/\/plater.edu.pl\/liceum\/wp-json\/wp\/v2\/posts\/6598\/revisions\/6605"}],"wp:featuredmedia":[{"embeddable":true,"href":"https:\/\/plater.edu.pl\/liceum\/wp-json\/wp\/v2\/media\/6594"}],"wp:attachment":[{"href":"https:\/\/plater.edu.pl\/liceum\/wp-json\/wp\/v2\/media?parent=6598"}],"wp:term":[{"taxonomy":"category","embeddable":true,"href":"https:\/\/plater.edu.pl\/liceum\/wp-json\/wp\/v2\/categories?post=6598"},{"taxonomy":"post_tag","embeddable":true,"href":"https:\/\/plater.edu.pl\/liceum\/wp-json\/wp\/v2\/tags?post=6598"}],"curies":[{"name":"wp","href":"https:\/\/api.w.org\/{rel}","templated":true}]}}