{"id":6966,"date":"2026-04-27T11:24:08","date_gmt":"2026-04-27T09:24:08","guid":{"rendered":"https:\/\/plater.edu.pl\/liceum\/?p=6966"},"modified":"2026-04-27T11:24:55","modified_gmt":"2026-04-27T09:24:55","slug":"v-jezykowy-konkurs-piosenki-filmowej-ponownie-w-plater","status":"publish","type":"post","link":"https:\/\/plater.edu.pl\/liceum\/2026\/04\/v-jezykowy-konkurs-piosenki-filmowej-ponownie-w-plater\/","title":{"rendered":"V J\u0119zykowy Konkurs Piosenki Filmowej ponownie w Plater"},"content":{"rendered":"\n<p>Dnia 21 kwietnia 2026 roku odby\u0142a si\u0119 V edycja J\u0119zykowego Konkursu Piosenki Filmowej. Uczniowie klas si\u00f3dmych oraz \u00f3smych szk\u00f3\u0142 podstawowych ponownie mieli okazj\u0119 do zaprezentowania swoich zdolno\u015bci j\u0119zykowych i wokalnych w murach II LO Plater. Zadaniem uczestnik\u00f3w by\u0142o za\u015bpiewanie wybranej piosenki filmowej w j\u0119zyku obcym. W tym roku dominowa\u0142y piosenki w j\u0119zyku angielskim, ale nie zabrak\u0142o r\u00f3wnie\u017c piosenki w j\u0119zyku francuskim. Zwyci\u0119zc\u00f3w wy\u0142oni\u0142o Jury w sk\u0142adzie &#8211; nauczyciele j\u0119zyka angielskiego: dr Mateusz Ostalak, mgr Ma\u0142gorzata Kukulska, nauczyciel j\u0119zyka w\u0142oskiego: mgr Ma\u0142gorzata Ko\u0142kowska, Julia Mika &#8211; laureatka wielu konkurs\u00f3w wokalnych og\u00f3lnopolskich i mi\u0119dzynarodowych, znana z V edycji programu telewizyjnego The Voice Kids oraz Milena Majewska.<\/p>\n\n\n\n<p>Wyniki V edycji J\u0119zykowego Konkursu Piosenki Filmowej dla uczni\u00f3w klas szk\u00f3\u0142 podstawowych s\u0105 nast\u0119puj\u0105ce:<\/p>\n\n\n\n<p><strong>I MIEJSCE: <\/strong>Anna Kwosek ze Szko\u0142y Podstawowej nr 6 im. Juliusza S\u0142owackiego w Sosnowcu z piosenk\u0105 &#8222;Wicked Game&#8221; z filmu &#8222;Dziko\u015b\u0107 serca&#8221;<\/p>\n\n\n\n<p><strong>II MIEJSCE:<\/strong> Lena W\u0105sik ze Szko\u0142y Podstawowej nr 9 im. Marii Konopickiej w Sosnowcu z piosenk\u0105 &#8222;Locked Out of Heaven&#8221;<\/p>\n\n\n\n<p><strong>III MIEJSCE:<\/strong> Nadia Wieczorek-Piecuch z Katolickiej Szko\u0142y Podstawowej w Sosnowcu z piosenk\u0105 &#8222;Padam, Padam&#8221; z filmu &#8222;La vie en rose&#8221;.<\/p>\n\n\n\n<p>W melodyjny nastr\u00f3j konkursu wprowadzili nas r\u00f3wnie\u017c uczniowie Plater:<\/p>\n\n\n\n<p>Julia Mika &#8211; absolwentka klasy 4F z piosenk\u0105 &#8222;Writings on the wall&#8221; z filmu Jamesa Bonda.<\/p>\n\n\n\n<p>Milena Majewska- uczennica klasy 1B z piosenk\u0105 &#8222;My heart will go on&#8221; z filmu &#8222;Titanic&#8221;.<\/p>\n\n\n\n<p>Wojciech Komur &#8211; ucze\u0144 klasy 1C z piosenk\u0105 &#8222;Eye of the tiger&#8221; z filmu &#8222;Rocky III&#8221;<\/p>\n\n\n\n<p>Julia Mika wraz z Milena Majewsk\u0105 z piosenk\u0105 &#8222;Shallow&#8221; z filmu &#8222;Narodziny Gwiazdy&#8221;.<\/p>\n\n\n\n<p>Wszystkim uczestnikom serdecznie gratulujemy wyst\u0119pu i zapraszamy do udzia\u0142u w kolejnych edycjach naszego konkursu. Laureat\u00f3w V edycji J\u0119zykowego Konkursu Piosenki Filmowej wraz z opiekunami zapraszamy na gal\u0119 fina\u0142ow\u0105. O terminie i szczeg\u00f3\u0142ach tego wydarzenia b\u0119dziemy informowa\u0107 sekretariat szko\u0142y. Stay tuned !<\/p>\n\n\n<div class=\"wp-block-image\">\n<figure class=\"aligncenter size-large\"><img loading=\"lazy\" decoding=\"async\" width=\"1024\" height=\"819\" src=\"https:\/\/plater.edu.pl\/liceum\/wp-content\/uploads\/2026\/04\/Konkurs-Piosenki-Filmowej-2026-1024x819.jpg\" alt=\"\" class=\"wp-image-6967\" srcset=\"https:\/\/plater.edu.pl\/liceum\/wp-content\/uploads\/2026\/04\/Konkurs-Piosenki-Filmowej-2026-1024x819.jpg 1024w, https:\/\/plater.edu.pl\/liceum\/wp-content\/uploads\/2026\/04\/Konkurs-Piosenki-Filmowej-2026-300x240.jpg 300w, https:\/\/plater.edu.pl\/liceum\/wp-content\/uploads\/2026\/04\/Konkurs-Piosenki-Filmowej-2026-768x614.jpg 768w, https:\/\/plater.edu.pl\/liceum\/wp-content\/uploads\/2026\/04\/Konkurs-Piosenki-Filmowej-2026-1536x1229.jpg 1536w, https:\/\/plater.edu.pl\/liceum\/wp-content\/uploads\/2026\/04\/Konkurs-Piosenki-Filmowej-2026-2048x1639.jpg 2048w, https:\/\/plater.edu.pl\/liceum\/wp-content\/uploads\/2026\/04\/Konkurs-Piosenki-Filmowej-2026-150x120.jpg 150w, https:\/\/plater.edu.pl\/liceum\/wp-content\/uploads\/2026\/04\/Konkurs-Piosenki-Filmowej-2026-696x557.jpg 696w, https:\/\/plater.edu.pl\/liceum\/wp-content\/uploads\/2026\/04\/Konkurs-Piosenki-Filmowej-2026-1068x855.jpg 1068w, https:\/\/plater.edu.pl\/liceum\/wp-content\/uploads\/2026\/04\/Konkurs-Piosenki-Filmowej-2026-1920x1536.jpg 1920w\" sizes=\"auto, (max-width: 1024px) 100vw, 1024px\" \/><\/figure>\n<\/div>","protected":false},"excerpt":{"rendered":"<p>Dnia 21 kwietnia 2026 roku odby\u0142a si\u0119 V edycja J\u0119zykowego Konkursu Piosenki Filmowej. Uczniowie klas si\u00f3dmych oraz \u00f3smych szk\u00f3\u0142 podstawowych ponownie mieli okazj\u0119 do zaprezentowania swoich zdolno\u015bci j\u0119zykowych i wokalnych w murach II LO Plater. Zadaniem uczestnik\u00f3w by\u0142o za\u015bpiewanie wybranej piosenki filmowej w j\u0119zyku obcym. W tym roku dominowa\u0142y piosenki w j\u0119zyku angielskim, ale nie [&hellip;]<\/p>\n","protected":false},"author":4,"featured_media":6967,"comment_status":"closed","ping_status":"open","sticky":false,"template":"","format":"standard","meta":{"_acf_changed":false,"_stopmodifiedupdate":false,"_modified_date":"","footnotes":""},"categories":[84,79,59],"tags":[],"class_list":{"0":"post-6966","1":"post","2":"type-post","3":"status-publish","4":"format-standard","5":"has-post-thumbnail","7":"category-konkursy","8":"category-wydarzenia","9":"category-wydarzenia-szkolne"},"acf":[],"_links":{"self":[{"href":"https:\/\/plater.edu.pl\/liceum\/wp-json\/wp\/v2\/posts\/6966","targetHints":{"allow":["GET"]}}],"collection":[{"href":"https:\/\/plater.edu.pl\/liceum\/wp-json\/wp\/v2\/posts"}],"about":[{"href":"https:\/\/plater.edu.pl\/liceum\/wp-json\/wp\/v2\/types\/post"}],"author":[{"embeddable":true,"href":"https:\/\/plater.edu.pl\/liceum\/wp-json\/wp\/v2\/users\/4"}],"replies":[{"embeddable":true,"href":"https:\/\/plater.edu.pl\/liceum\/wp-json\/wp\/v2\/comments?post=6966"}],"version-history":[{"count":1,"href":"https:\/\/plater.edu.pl\/liceum\/wp-json\/wp\/v2\/posts\/6966\/revisions"}],"predecessor-version":[{"id":6968,"href":"https:\/\/plater.edu.pl\/liceum\/wp-json\/wp\/v2\/posts\/6966\/revisions\/6968"}],"wp:featuredmedia":[{"embeddable":true,"href":"https:\/\/plater.edu.pl\/liceum\/wp-json\/wp\/v2\/media\/6967"}],"wp:attachment":[{"href":"https:\/\/plater.edu.pl\/liceum\/wp-json\/wp\/v2\/media?parent=6966"}],"wp:term":[{"taxonomy":"category","embeddable":true,"href":"https:\/\/plater.edu.pl\/liceum\/wp-json\/wp\/v2\/categories?post=6966"},{"taxonomy":"post_tag","embeddable":true,"href":"https:\/\/plater.edu.pl\/liceum\/wp-json\/wp\/v2\/tags?post=6966"}],"curies":[{"name":"wp","href":"https:\/\/api.w.org\/{rel}","templated":true}]}}