{"id":6977,"date":"2026-04-29T09:07:02","date_gmt":"2026-04-29T07:07:02","guid":{"rendered":"https:\/\/plater.edu.pl\/liceum\/?p=6977"},"modified":"2026-04-29T09:07:04","modified_gmt":"2026-04-29T07:07:04","slug":"uroczyste-zakonczenie-roku-szkolnego-dla-klas-czwartych","status":"publish","type":"post","link":"https:\/\/plater.edu.pl\/liceum\/2026\/04\/uroczyste-zakonczenie-roku-szkolnego-dla-klas-czwartych\/","title":{"rendered":"Uroczyste zako\u0144czenie roku szkolnego dla klas czwartych"},"content":{"rendered":"\n<p>W dniu 24 kwietnia 2026 r. odby\u0142a si\u0119 uroczysto\u015b\u0107 zako\u0144czenia roku szkolnego dla klas czwartych. To niezwykle wa\u017cny i podnios\u0142y dzie\u0144 w \u017cyciu szko\u0142y, poniewa\u017c dla m\u0142odzie\u017cy to zako\u0144czenie kolejnego etapu edukacji. Pani Dyrektor mgr Justyna Tulicka wyg\u0142osi\u0142a ciep\u0142e i motywuj\u0105ce s\u0142owa skierowane do maturzyst\u00f3w oraz wszystkich obecnych. Podzi\u0119kowa\u0142a za wsp\u00f3\u0142prac\u0119 rodzicom, nauczycielom, wychowawcom oraz pracownikom o\u015bwiaty. G\u0142os zabrali tak\u017ce zaproszeni go\u015bcie \u2013 Zast\u0119pca Dyrektora Instytutu In\u017cynierii Biomedycznej prof. dr hab. Armand Cholewka oraz Radna Miasta Sosnowca Ewa Dzie\u017ca \u2013 Sowa. \u017byczyli m\u0142odzie\u017cy dobrych wynik\u00f3w na maturze oraz s\u0142usznych wybor\u00f3w w dalszej drodze edukacji.<br>Akademia u\u015bwietniona by\u0142a pi\u0119knymi wyst\u0119pami uczni\u00f3w klas czwartych, kt\u00f3rzy po raz ostatni jako uczniowie Plater wyst\u0105pili na scenie. Nie zabrak\u0142o \u0142ez, u\u015bcisk\u00f3w, gratulacji i pi\u0119knych \u017cycze\u0144. Wszyscy uczniowie otrzymali \u015bwiadectwa, Pani Dyrektor wraz z wychowawcami wr\u0119czy\u0142a uczniom nagrody za wyniki w nauce, zaanga\u017cowanie spo\u0142eczne oraz osi\u0105gni\u0119cia sportowe. Serdecznie gratulujemy.<\/p>\n\n\n<style type=\"text\/css\">\r\n\t#foogallery-gallery-6970 .fg-image {\r\n        width: 150px;\r\n    }\r\n<\/style>\r\n\t\t\t\t<div class=\"foogallery foogallery-container foogallery-default foogallery-lightbox-foogallery fg-gutter-10 fg-center fg-default fg-light fg-border-thin fg-shadow-outline fg-loading-default fg-loaded-fade-in fg-caption-hover fg-hover-fade fg-hover-zoom fg-ready\" id=\"foogallery-gallery-6970\" data-foogallery=\"{&quot;item&quot;:{&quot;showCaptionTitle&quot;:true,&quot;showCaptionDescription&quot;:true},&quot;lazy&quot;:true}\" data-foogallery-lightbox=\"{&quot;thumbs&quot;:&quot;bottom&quot;,&quot;thumbsCaptions&quot;:false,&quot;thumbsBestFit&quot;:false,&quot;thumbsSmall&quot;:false,&quot;thumbsCaptionsAlign&quot;:&quot;default&quot;,&quot;info&quot;:&quot;bottom&quot;,&quot;infoVisible&quot;:true,&quot;infoOverlay&quot;:true,&quot;infoAlign&quot;:&quot;default&quot;,&quot;transition&quot;:&quot;fade&quot;,&quot;hoverButtons&quot;:false,&quot;fitMedia&quot;:false,&quot;noScrollbars&quot;:true,&quot;preserveButtonSpace&quot;:true,&quot;buttons&quot;:{&quot;fullscreen&quot;:true,&quot;info&quot;:true,&quot;thumbs&quot;:false},&quot;video&quot;:{&quot;autoPlay&quot;:true}}\" >\r\n\t<div class=\"fg-item fg-type-image fg-idle\"><figure class=\"fg-item-inner\"><a href=\"https:\/\/plater.edu.pl\/liceum\/wp-content\/uploads\/2026\/04\/Ostatnidzwonek_2026_1.jpg\" data-attachment-id=\"6972\" data-type=\"image\" class=\"fg-thumb\"><span class=\"fg-image-wrap\"><img decoding=\"async\" width=\"150\" height=\"150\" class=\"skip-lazy fg-image\" data-src-fg=\"https:\/\/plater.edu.pl\/liceum\/wp-content\/uploads\/cache\/2026\/04\/Ostatnidzwonek_2026_1\/2319238476.jpg\" src=\"data:image\/svg+xml,%3Csvg%20xmlns%3D%22http%3A%2F%2Fwww.w3.org%2F2000%2Fsvg%22%20width%3D%22150%22%20height%3D%22150%22%20viewBox%3D%220%200%20150%20150%22%3E%3C%2Fsvg%3E\" loading=\"eager\"><\/span><span class=\"fg-image-overlay\"><\/span><\/a><figcaption class=\"fg-caption\"><div class=\"fg-caption-inner\"><\/div><\/figcaption><\/figure><div class=\"fg-loader\"><\/div><\/div><div class=\"fg-item fg-type-image fg-idle\"><figure class=\"fg-item-inner\"><a href=\"https:\/\/plater.edu.pl\/liceum\/wp-content\/uploads\/2026\/04\/Ostatnidzwonek_2026_2-1.jpg\" data-attachment-id=\"6973\" data-type=\"image\" class=\"fg-thumb\"><span class=\"fg-image-wrap\"><img decoding=\"async\" width=\"150\" height=\"150\" class=\"skip-lazy fg-image\" data-src-fg=\"https:\/\/plater.edu.pl\/liceum\/wp-content\/uploads\/cache\/2026\/04\/Ostatnidzwonek_2026_2-1\/2258219149.jpg\" src=\"data:image\/svg+xml,%3Csvg%20xmlns%3D%22http%3A%2F%2Fwww.w3.org%2F2000%2Fsvg%22%20width%3D%22150%22%20height%3D%22150%22%20viewBox%3D%220%200%20150%20150%22%3E%3C%2Fsvg%3E\" loading=\"eager\"><\/span><span class=\"fg-image-overlay\"><\/span><\/a><figcaption class=\"fg-caption\"><div class=\"fg-caption-inner\"><\/div><\/figcaption><\/figure><div class=\"fg-loader\"><\/div><\/div><div class=\"fg-item fg-type-image fg-idle\"><figure class=\"fg-item-inner\"><a href=\"https:\/\/plater.edu.pl\/liceum\/wp-content\/uploads\/2026\/04\/Ostatnidzwonek_2026_3.jpg\" data-attachment-id=\"6974\" data-type=\"image\" class=\"fg-thumb\"><span class=\"fg-image-wrap\"><img decoding=\"async\" width=\"150\" height=\"150\" class=\"skip-lazy fg-image\" data-src-fg=\"https:\/\/plater.edu.pl\/liceum\/wp-content\/uploads\/cache\/2026\/04\/Ostatnidzwonek_2026_3\/3333873082.jpg\" src=\"data:image\/svg+xml,%3Csvg%20xmlns%3D%22http%3A%2F%2Fwww.w3.org%2F2000%2Fsvg%22%20width%3D%22150%22%20height%3D%22150%22%20viewBox%3D%220%200%20150%20150%22%3E%3C%2Fsvg%3E\" loading=\"eager\"><\/span><span class=\"fg-image-overlay\"><\/span><\/a><figcaption class=\"fg-caption\"><div class=\"fg-caption-inner\"><\/div><\/figcaption><\/figure><div class=\"fg-loader\"><\/div><\/div><div class=\"fg-item fg-type-image fg-idle\"><figure class=\"fg-item-inner\"><a href=\"https:\/\/plater.edu.pl\/liceum\/wp-content\/uploads\/2026\/04\/Ostatnidzwonek_2026_4.jpg\" data-attachment-id=\"6975\" data-type=\"image\" class=\"fg-thumb\"><span class=\"fg-image-wrap\"><img decoding=\"async\" width=\"150\" height=\"150\" class=\"skip-lazy fg-image\" data-src-fg=\"https:\/\/plater.edu.pl\/liceum\/wp-content\/uploads\/cache\/2026\/04\/Ostatnidzwonek_2026_4\/587607359.jpg\" src=\"data:image\/svg+xml,%3Csvg%20xmlns%3D%22http%3A%2F%2Fwww.w3.org%2F2000%2Fsvg%22%20width%3D%22150%22%20height%3D%22150%22%20viewBox%3D%220%200%20150%20150%22%3E%3C%2Fsvg%3E\" loading=\"eager\"><\/span><span class=\"fg-image-overlay\"><\/span><\/a><figcaption class=\"fg-caption\"><div class=\"fg-caption-inner\"><\/div><\/figcaption><\/figure><div class=\"fg-loader\"><\/div><\/div><div class=\"fg-item fg-type-image fg-idle\"><figure class=\"fg-item-inner\"><a href=\"https:\/\/plater.edu.pl\/liceum\/wp-content\/uploads\/2026\/04\/Ostatnidzwonek_2026_5.jpg\" data-attachment-id=\"6976\" data-type=\"image\" class=\"fg-thumb\"><span class=\"fg-image-wrap\"><img decoding=\"async\" width=\"150\" height=\"150\" class=\"skip-lazy fg-image\" data-src-fg=\"https:\/\/plater.edu.pl\/liceum\/wp-content\/uploads\/cache\/2026\/04\/Ostatnidzwonek_2026_5\/88285508.jpg\" src=\"data:image\/svg+xml,%3Csvg%20xmlns%3D%22http%3A%2F%2Fwww.w3.org%2F2000%2Fsvg%22%20width%3D%22150%22%20height%3D%22150%22%20viewBox%3D%220%200%20150%20150%22%3E%3C%2Fsvg%3E\" loading=\"eager\"><\/span><span class=\"fg-image-overlay\"><\/span><\/a><figcaption class=\"fg-caption\"><div class=\"fg-caption-inner\"><\/div><\/figcaption><\/figure><div class=\"fg-loader\"><\/div><\/div><\/div>\r\n\n","protected":false},"excerpt":{"rendered":"<p>W dniu 24 kwietnia 2026 r. odby\u0142a si\u0119 uroczysto\u015b\u0107 zako\u0144czenia roku szkolnego dla klas czwartych. To niezwykle wa\u017cny i podnios\u0142y dzie\u0144 w \u017cyciu szko\u0142y, poniewa\u017c dla m\u0142odzie\u017cy to zako\u0144czenie kolejnego etapu edukacji. Pani Dyrektor mgr Justyna Tulicka wyg\u0142osi\u0142a ciep\u0142e i motywuj\u0105ce s\u0142owa skierowane do maturzyst\u00f3w oraz wszystkich obecnych. Podzi\u0119kowa\u0142a za wsp\u00f3\u0142prac\u0119 rodzicom, nauczycielom, wychowawcom oraz [&hellip;]<\/p>\n","protected":false},"author":4,"featured_media":6971,"comment_status":"closed","ping_status":"open","sticky":false,"template":"","format":"standard","meta":{"_acf_changed":false,"_stopmodifiedupdate":false,"_modified_date":"","footnotes":""},"categories":[85,59],"tags":[],"class_list":{"0":"post-6977","1":"post","2":"type-post","3":"status-publish","4":"format-standard","5":"has-post-thumbnail","7":"category-uroczystosci","8":"category-wydarzenia-szkolne"},"acf":[],"_links":{"self":[{"href":"https:\/\/plater.edu.pl\/liceum\/wp-json\/wp\/v2\/posts\/6977","targetHints":{"allow":["GET"]}}],"collection":[{"href":"https:\/\/plater.edu.pl\/liceum\/wp-json\/wp\/v2\/posts"}],"about":[{"href":"https:\/\/plater.edu.pl\/liceum\/wp-json\/wp\/v2\/types\/post"}],"author":[{"embeddable":true,"href":"https:\/\/plater.edu.pl\/liceum\/wp-json\/wp\/v2\/users\/4"}],"replies":[{"embeddable":true,"href":"https:\/\/plater.edu.pl\/liceum\/wp-json\/wp\/v2\/comments?post=6977"}],"version-history":[{"count":1,"href":"https:\/\/plater.edu.pl\/liceum\/wp-json\/wp\/v2\/posts\/6977\/revisions"}],"predecessor-version":[{"id":6978,"href":"https:\/\/plater.edu.pl\/liceum\/wp-json\/wp\/v2\/posts\/6977\/revisions\/6978"}],"wp:featuredmedia":[{"embeddable":true,"href":"https:\/\/plater.edu.pl\/liceum\/wp-json\/wp\/v2\/media\/6971"}],"wp:attachment":[{"href":"https:\/\/plater.edu.pl\/liceum\/wp-json\/wp\/v2\/media?parent=6977"}],"wp:term":[{"taxonomy":"category","embeddable":true,"href":"https:\/\/plater.edu.pl\/liceum\/wp-json\/wp\/v2\/categories?post=6977"},{"taxonomy":"post_tag","embeddable":true,"href":"https:\/\/plater.edu.pl\/liceum\/wp-json\/wp\/v2\/tags?post=6977"}],"curies":[{"name":"wp","href":"https:\/\/api.w.org\/{rel}","templated":true}]}}